{"id":6273,"date":"2026-03-13T17:32:02","date_gmt":"2026-03-13T16:32:02","guid":{"rendered":"https:\/\/www.isdv.net\/?p=6273"},"modified":"2026-03-13T17:32:05","modified_gmt":"2026-03-13T16:32:05","slug":"isdv-vor-ort-beim-parlamentarischen-abend-der-bundestagsfraktion-der-gruenen-buendnis-90","status":"publish","type":"post","link":"https:\/\/www.isdv.net\/en\/isdv-vor-ort-beim-parlamentarischen-abend-der-bundestagsfraktion-der-gruenen-buendnis-90\/","title":{"rendered":"isdv vor Ort beim parlamentarischen Abend der Bundestagsfraktion der Gr\u00fcnen\/B\u00fcndnis 90"},"content":{"rendered":"<p><\/p>\n\n\n\n<p>Letzte Woche waren wir (J\u00f6rn Freynick (BAGSV) und Marcus Pohl, isdv) beim parlamentarischen Abend der Bundestagsfraktion der Gr\u00fcnen\/B\u00fcndnis 90. Das Thema des Abends lautete &#8222;Aufschwung f\u00fcr die Wirtschaft: Was jetzt zu tun ist&#8220;.\u00a0<br>Die Parteispitze war vertreten, ebenso wie die Fachpolitikerinnen und -politiker. Den Abend er\u00f6ffnete<br>Katharina Beck, die zugleich Moderatorin auf der B\u00fchne im Paul-L\u00f6be-Haus (Abgeordneten-Haus) war.<br>Prof. Monika Schnitzer, Vorsitzende des Sachverst\u00e4ndigenrats zur Begutachtung der gesamtwirtschaftlichen Entwicklung (Wirtschaftsweise), hielt eine Keynote und konnte an einigen Charts erl\u00e4utern, wieso die wirtschaftliche Situation ist, wie sie ist: schwierig.<br>Im Anschluss an eine Panelgespr\u00e4chsrunde gab es an Thementischen die M\u00f6glichkeit mit den Fachbereichen direkt zu sprechen. Davon haben wir nat\u00fcrlich Gebrauch gemacht.<br>Fazit: es ist noch viel zu tun. Wir bleiben dran.<\/p>\n\n\n\n<p>Im Bild mit MdB Sandra Stein \u2013 Mittelstand &amp; Selbstst\u00e4ndige.<\/p>\n\n\n\n<p>#gruene #isdv #selbst\u00e4ndig #wirgemeinsamjetzt<\/p>","protected":false},"excerpt":{"rendered":"<p>Letzte Woche waren wir (J\u00f6rn Freynick (BAGSV) und Marcus Pohl, isdv) beim parlamentarischen Abend der Bundestagsfraktion der Gr\u00fcnen\/B\u00fcndnis 90. Das Thema des Abends lautete &#8222;Aufschwung f\u00fcr die Wirtschaft: Was jetzt zu tun ist&#8220;.\u00a0Die Parteispitze war vertreten, ebenso wie die Fachpolitikerinnen und -politiker. Den Abend er\u00f6ffneteKatharina Beck, die zugleich Moderatorin auf der B\u00fchne im Paul-L\u00f6be-Haus (Abgeordneten-Haus) [&hellip;]<\/p>\n","protected":false},"author":5,"featured_media":6274,"comment_status":"open","ping_status":"open","sticky":false,"template":"","format":"standard","meta":{"_acf_changed":false,"footnotes":""},"categories":[1],"tags":[33,41,25,29,26],"class_list":["post-6273","post","type-post","status-publish","format-standard","has-post-thumbnail","hentry","category-ohne_kategorie","tag-bagsv","tag-gruene","tag-isdv","tag-selbstaendig","tag-wirgemeinsamjetzt"],"acf":[],"_links":{"self":[{"href":"https:\/\/www.isdv.net\/en\/wp-json\/wp\/v2\/posts\/6273","targetHints":{"allow":["GET"]}}],"collection":[{"href":"https:\/\/www.isdv.net\/en\/wp-json\/wp\/v2\/posts"}],"about":[{"href":"https:\/\/www.isdv.net\/en\/wp-json\/wp\/v2\/types\/post"}],"author":[{"embeddable":true,"href":"https:\/\/www.isdv.net\/en\/wp-json\/wp\/v2\/users\/5"}],"replies":[{"embeddable":true,"href":"https:\/\/www.isdv.net\/en\/wp-json\/wp\/v2\/comments?post=6273"}],"version-history":[{"count":1,"href":"https:\/\/www.isdv.net\/en\/wp-json\/wp\/v2\/posts\/6273\/revisions"}],"predecessor-version":[{"id":6275,"href":"https:\/\/www.isdv.net\/en\/wp-json\/wp\/v2\/posts\/6273\/revisions\/6275"}],"wp:featuredmedia":[{"embeddable":true,"href":"https:\/\/www.isdv.net\/en\/wp-json\/wp\/v2\/media\/6274"}],"wp:attachment":[{"href":"https:\/\/www.isdv.net\/en\/wp-json\/wp\/v2\/media?parent=6273"}],"wp:term":[{"taxonomy":"category","embeddable":true,"href":"https:\/\/www.isdv.net\/en\/wp-json\/wp\/v2\/categories?post=6273"},{"taxonomy":"post_tag","embeddable":true,"href":"https:\/\/www.isdv.net\/en\/wp-json\/wp\/v2\/tags?post=6273"}],"curies":[{"name":"wp","href":"https:\/\/api.w.org\/{rel}","templated":true}]}}