{"id":6217,"date":"2026-01-26T10:00:00","date_gmt":"2026-01-26T09:00:00","guid":{"rendered":"https:\/\/www.isdv.net\/?p=6217"},"modified":"2026-01-22T16:22:19","modified_gmt":"2026-01-22T15:22:19","slug":"studie-zur-lage-der-selbstaendigen","status":"publish","type":"post","link":"https:\/\/www.isdv.net\/en\/studie-zur-lage-der-selbstaendigen\/","title":{"rendered":"Studie zur Lage der Selbst\u00e4ndigen"},"content":{"rendered":"<p>Das Bundesministerium f\u00fcr Arbeit und Soziales hat eine Studie durchf\u00fchren lassen, die sich mit der sozialen Lage von Selbst\u00e4ndigen befasst.<\/p>\n\n\n\n<p>Dabei kamen vier wichtige Punkte heraus:<\/p>\n\n\n\n<ul class=\"wp-block-list\">\n<li>Im Durchschnitt befinden sich Selbstst\u00e4ndige in Deutschland in einer wirtschaftlich und sozial guten Lage.<\/li>\n\n\n\n<li>Ca. 15 bis 25 Prozent sind in einer schlechteren sozialen Situation.<\/li>\n\n\n\n<li>Die breite Mehrheit der Selbstst\u00e4ndigen sorgt f\u00fcr das Alter vor.<\/li>\n\n\n\n<li>Die soziale Lage h\u00e4ngt eng mit dem Vorsorgeverhalten zusammen.<\/li>\n<\/ul>\n\n\n\n<p>Lies selbst und schreib Deine Meinung dazu in den Kommentaren.<\/p>\n\n\n\n<p>Findest Du Dich wieder?<br>Hier der Link zum PDF:<\/p>\n\n\n\n<p><a href=\"https:\/\/www.bmas.de\/DE\/Service\/Publikationen\/Forschungsberichte\/fb-676-untersuchung-der-sozialen-lage-von-selbststaendigen-in-deutschland.html\" target=\"_blank\" rel=\"noopener\">Untersuchung der sozialen Lage von Selbstst\u00e4ndigen in Deutschland &#8211; BMAS<\/a><\/p>\n\n\n\n<p>#bmas #isdv #selbst\u00e4ndig #wirgemeinsamjetzt #bagsv<\/p>\n\n\n\n<p><\/p>","protected":false},"excerpt":{"rendered":"<p>Das Bundesministerium f\u00fcr Arbeit und Soziales hat eine Studie durchf\u00fchren lassen, die sich mit der sozialen Lage von Selbst\u00e4ndigen befasst. Dabei kamen vier wichtige Punkte heraus: Lies selbst und schreib Deine Meinung dazu in den Kommentaren. Findest Du Dich wieder?Hier der Link zum PDF: Untersuchung der sozialen Lage von Selbstst\u00e4ndigen in Deutschland &#8211; BMAS #bmas [&hellip;]<\/p>\n","protected":false},"author":5,"featured_media":6219,"comment_status":"open","ping_status":"open","sticky":false,"template":"","format":"standard","meta":{"_acf_changed":false,"footnotes":""},"categories":[1],"tags":[],"class_list":["post-6217","post","type-post","status-publish","format-standard","has-post-thumbnail","hentry","category-ohne_kategorie"],"acf":[],"_links":{"self":[{"href":"https:\/\/www.isdv.net\/en\/wp-json\/wp\/v2\/posts\/6217","targetHints":{"allow":["GET"]}}],"collection":[{"href":"https:\/\/www.isdv.net\/en\/wp-json\/wp\/v2\/posts"}],"about":[{"href":"https:\/\/www.isdv.net\/en\/wp-json\/wp\/v2\/types\/post"}],"author":[{"embeddable":true,"href":"https:\/\/www.isdv.net\/en\/wp-json\/wp\/v2\/users\/5"}],"replies":[{"embeddable":true,"href":"https:\/\/www.isdv.net\/en\/wp-json\/wp\/v2\/comments?post=6217"}],"version-history":[{"count":1,"href":"https:\/\/www.isdv.net\/en\/wp-json\/wp\/v2\/posts\/6217\/revisions"}],"predecessor-version":[{"id":6220,"href":"https:\/\/www.isdv.net\/en\/wp-json\/wp\/v2\/posts\/6217\/revisions\/6220"}],"wp:featuredmedia":[{"embeddable":true,"href":"https:\/\/www.isdv.net\/en\/wp-json\/wp\/v2\/media\/6219"}],"wp:attachment":[{"href":"https:\/\/www.isdv.net\/en\/wp-json\/wp\/v2\/media?parent=6217"}],"wp:term":[{"taxonomy":"category","embeddable":true,"href":"https:\/\/www.isdv.net\/en\/wp-json\/wp\/v2\/categories?post=6217"},{"taxonomy":"post_tag","embeddable":true,"href":"https:\/\/www.isdv.net\/en\/wp-json\/wp\/v2\/tags?post=6217"}],"curies":[{"name":"wp","href":"https:\/\/api.w.org\/{rel}","templated":true}]}}