{"id":6135,"date":"2025-12-10T12:08:50","date_gmt":"2025-12-10T11:08:50","guid":{"rendered":"https:\/\/www.isdv.net\/?p=6135"},"modified":"2025-12-10T12:08:54","modified_gmt":"2025-12-10T11:08:54","slug":"baden-baden-award-2025","status":"publish","type":"post","link":"https:\/\/www.isdv.net\/en\/baden-baden-award-2025\/","title":{"rendered":"Baden-Baden Award 2025"},"content":{"rendered":"\n<p><a><\/a>Am vergangenen Freitag waren wir zum wiederholten Mal zu Gast beim Baden-Baden Award \u2013 einem Abend, der Talente feiert und Karrieren w\u00fcrdigt!<\/p>\n\n\n\n<p>Mit diesem Award wurden zum sechszehnten Mal \u00fcberragende Abschlussarbeiten frisch gebackener B\u00fchnenmaler\/-innen, B\u00fchnenplastiker\/-innen, Maskenbildner\/-innen, Mediengestalter\/-innen Bild und Ton, Veranstaltungskaufleute, Fachkr\u00e4fte f\u00fcr Veranstaltungstechnik sowie Requisiteur\/-innen ausgezeichnet.<\/p>\n\n\n\n<p>Ein gro\u00dfes Dankesch\u00f6n an den Gastgeber EurAka Baden-Baden f\u00fcr die Einladung und herzlichen Gl\u00fcckwunsch an alle Preistr\u00e4ger\/-innen zu diesem gro\u00dfartigen Erfolg! <img decoding=\"async\" height=\"16\" width=\"16\" alt=\"\ud83d\udc4f\" src=\"https:\/\/static.xx.fbcdn.net\/images\/emoji.php\/v9\/tfe\/1\/16\/1f44f.png\"><\/p>\n\n\n\n<p><a href=\"https:\/\/www.facebook.com\/hashtag\/badenbadenaward?__eep__=6&amp;__cft__[0]=AZX7D3mheJxBvdkMKVmI0tzFO2zD7L_xPtHp16pKQyoHoVqoW2TXsm4MHr2EQLTWZBs0vDnUf9IeoqqKecHnC9POeQ3nvQro6dLfx9-nJzhgFBBARmfGz9YVAlzVZefRk8Nb_AQcfVJG003NSoOjFCx6clyNckt9UrvQ2CSp1xk8hJgHWshSJmqbFnmKIdYtK9s&amp;__tn__=*NK-R\" target=\"_blank\" rel=\"noopener\">#BadenBadenAward<\/a><a href=\"https:\/\/www.facebook.com\/hashtag\/veranstaltungswirtschaft?__eep__=6&amp;__cft__[0]=AZX7D3mheJxBvdkMKVmI0tzFO2zD7L_xPtHp16pKQyoHoVqoW2TXsm4MHr2EQLTWZBs0vDnUf9IeoqqKecHnC9POeQ3nvQro6dLfx9-nJzhgFBBARmfGz9YVAlzVZefRk8Nb_AQcfVJG003NSoOjFCx6clyNckt9UrvQ2CSp1xk8hJgHWshSJmqbFnmKIdYtK9s&amp;__tn__=*NK-R\" target=\"_blank\" rel=\"noopener\"> #Veranstaltungswirtschaft<\/a><a href=\"https:\/\/www.facebook.com\/hashtag\/nachwuchstalente?__eep__=6&amp;__cft__[0]=AZX7D3mheJxBvdkMKVmI0tzFO2zD7L_xPtHp16pKQyoHoVqoW2TXsm4MHr2EQLTWZBs0vDnUf9IeoqqKecHnC9POeQ3nvQro6dLfx9-nJzhgFBBARmfGz9YVAlzVZefRk8Nb_AQcfVJG003NSoOjFCx6clyNckt9UrvQ2CSp1xk8hJgHWshSJmqbFnmKIdYtK9s&amp;__tn__=*NK-R\" target=\"_blank\" rel=\"noopener\"> #NachwuchsTalente<\/a><a href=\"https:\/\/www.facebook.com\/hashtag\/euraka?__eep__=6&amp;__cft__[0]=AZX7D3mheJxBvdkMKVmI0tzFO2zD7L_xPtHp16pKQyoHoVqoW2TXsm4MHr2EQLTWZBs0vDnUf9IeoqqKecHnC9POeQ3nvQro6dLfx9-nJzhgFBBARmfGz9YVAlzVZefRk8Nb_AQcfVJG003NSoOjFCx6clyNckt9UrvQ2CSp1xk8hJgHWshSJmqbFnmKIdYtK9s&amp;__tn__=*NK-R\" target=\"_blank\" rel=\"noopener\"> #EurAka<\/a><a href=\"https:\/\/www.facebook.com\/hashtag\/b%C3%BChnenmaler?__eep__=6&amp;__cft__[0]=AZX7D3mheJxBvdkMKVmI0tzFO2zD7L_xPtHp16pKQyoHoVqoW2TXsm4MHr2EQLTWZBs0vDnUf9IeoqqKecHnC9POeQ3nvQro6dLfx9-nJzhgFBBARmfGz9YVAlzVZefRk8Nb_AQcfVJG003NSoOjFCx6clyNckt9UrvQ2CSp1xk8hJgHWshSJmqbFnmKIdYtK9s&amp;__tn__=*NK-R\" target=\"_blank\" rel=\"noopener\"> #B\u00fchnenmaler <\/a><a href=\"https:\/\/www.facebook.com\/hashtag\/b%C3%BChnenplastiker?__eep__=6&amp;__cft__[0]=AZX7D3mheJxBvdkMKVmI0tzFO2zD7L_xPtHp16pKQyoHoVqoW2TXsm4MHr2EQLTWZBs0vDnUf9IeoqqKecHnC9POeQ3nvQro6dLfx9-nJzhgFBBARmfGz9YVAlzVZefRk8Nb_AQcfVJG003NSoOjFCx6clyNckt9UrvQ2CSp1xk8hJgHWshSJmqbFnmKIdYtK9s&amp;__tn__=*NK-R\" target=\"_blank\" rel=\"noopener\">#B\u00fchnenplastiker<\/a><a href=\"https:\/\/www.facebook.com\/hashtag\/maskenbildner?__eep__=6&amp;__cft__[0]=AZX7D3mheJxBvdkMKVmI0tzFO2zD7L_xPtHp16pKQyoHoVqoW2TXsm4MHr2EQLTWZBs0vDnUf9IeoqqKecHnC9POeQ3nvQro6dLfx9-nJzhgFBBARmfGz9YVAlzVZefRk8Nb_AQcfVJG003NSoOjFCx6clyNckt9UrvQ2CSp1xk8hJgHWshSJmqbFnmKIdYtK9s&amp;__tn__=*NK-R\" target=\"_blank\" rel=\"noopener\"> #Maskenbildner<\/a><a href=\"https:\/\/www.facebook.com\/hashtag\/mediengestalter?__eep__=6&amp;__cft__[0]=AZX7D3mheJxBvdkMKVmI0tzFO2zD7L_xPtHp16pKQyoHoVqoW2TXsm4MHr2EQLTWZBs0vDnUf9IeoqqKecHnC9POeQ3nvQro6dLfx9-nJzhgFBBARmfGz9YVAlzVZefRk8Nb_AQcfVJG003NSoOjFCx6clyNckt9UrvQ2CSp1xk8hJgHWshSJmqbFnmKIdYtK9s&amp;__tn__=*NK-R\" target=\"_blank\" rel=\"noopener\"> #Mediengestalter<\/a> <a href=\"https:\/\/www.facebook.com\/hashtag\/veranstaltungskaufleute?__eep__=6&amp;__cft__[0]=AZX7D3mheJxBvdkMKVmI0tzFO2zD7L_xPtHp16pKQyoHoVqoW2TXsm4MHr2EQLTWZBs0vDnUf9IeoqqKecHnC9POeQ3nvQro6dLfx9-nJzhgFBBARmfGz9YVAlzVZefRk8Nb_AQcfVJG003NSoOjFCx6clyNckt9UrvQ2CSp1xk8hJgHWshSJmqbFnmKIdYtK9s&amp;__tn__=*NK-R\" target=\"_blank\" rel=\"noopener\">#Veranstaltungskaufleute <\/a><a href=\"https:\/\/www.facebook.com\/hashtag\/veranstaltungstechnik?__eep__=6&amp;__cft__[0]=AZX7D3mheJxBvdkMKVmI0tzFO2zD7L_xPtHp16pKQyoHoVqoW2TXsm4MHr2EQLTWZBs0vDnUf9IeoqqKecHnC9POeQ3nvQro6dLfx9-nJzhgFBBARmfGz9YVAlzVZefRk8Nb_AQcfVJG003NSoOjFCx6clyNckt9UrvQ2CSp1xk8hJgHWshSJmqbFnmKIdYtK9s&amp;__tn__=*NK-R\" target=\"_blank\" rel=\"noopener\">#Veranstaltungstechnik <\/a><a href=\"https:\/\/www.facebook.com\/hashtag\/requisiteur?__eep__=6&amp;__cft__[0]=AZX7D3mheJxBvdkMKVmI0tzFO2zD7L_xPtHp16pKQyoHoVqoW2TXsm4MHr2EQLTWZBs0vDnUf9IeoqqKecHnC9POeQ3nvQro6dLfx9-nJzhgFBBARmfGz9YVAlzVZefRk8Nb_AQcfVJG003NSoOjFCx6clyNckt9UrvQ2CSp1xk8hJgHWshSJmqbFnmKIdYtK9s&amp;__tn__=*NK-R\" target=\"_blank\" rel=\"noopener\">#Requisiteur<\/a> <a href=\"https:\/\/www.facebook.com\/hashtag\/eventbranche?__eep__=6&amp;__cft__[0]=AZX7D3mheJxBvdkMKVmI0tzFO2zD7L_xPtHp16pKQyoHoVqoW2TXsm4MHr2EQLTWZBs0vDnUf9IeoqqKecHnC9POeQ3nvQro6dLfx9-nJzhgFBBARmfGz9YVAlzVZefRk8Nb_AQcfVJG003NSoOjFCx6clyNckt9UrvQ2CSp1xk8hJgHWshSJmqbFnmKIdYtK9s&amp;__tn__=*NK-R\" target=\"_blank\" rel=\"noopener\">#EventBranche <\/a><a href=\"https:\/\/www.facebook.com\/hashtag\/ausbildung?__eep__=6&amp;__cft__[0]=AZX7D3mheJxBvdkMKVmI0tzFO2zD7L_xPtHp16pKQyoHoVqoW2TXsm4MHr2EQLTWZBs0vDnUf9IeoqqKecHnC9POeQ3nvQro6dLfx9-nJzhgFBBARmfGz9YVAlzVZefRk8Nb_AQcfVJG003NSoOjFCx6clyNckt9UrvQ2CSp1xk8hJgHWshSJmqbFnmKIdYtK9s&amp;__tn__=*NK-R\" target=\"_blank\" rel=\"noopener\">#Ausbildung <\/a><a href=\"https:\/\/www.facebook.com\/hashtag\/isdv?__eep__=6&amp;__cft__[0]=AZX7D3mheJxBvdkMKVmI0tzFO2zD7L_xPtHp16pKQyoHoVqoW2TXsm4MHr2EQLTWZBs0vDnUf9IeoqqKecHnC9POeQ3nvQro6dLfx9-nJzhgFBBARmfGz9YVAlzVZefRk8Nb_AQcfVJG003NSoOjFCx6clyNckt9UrvQ2CSp1xk8hJgHWshSJmqbFnmKIdYtK9s&amp;__tn__=*NK-R\" target=\"_blank\" rel=\"noopener\">#ISDV <\/a><a href=\"https:\/\/www.facebook.com\/hashtag\/selbst%C3%A4ndige?__eep__=6&amp;__cft__[0]=AZX7D3mheJxBvdkMKVmI0tzFO2zD7L_xPtHp16pKQyoHoVqoW2TXsm4MHr2EQLTWZBs0vDnUf9IeoqqKecHnC9POeQ3nvQro6dLfx9-nJzhgFBBARmfGz9YVAlzVZefRk8Nb_AQcfVJG003NSoOjFCx6clyNckt9UrvQ2CSp1xk8hJgHWshSJmqbFnmKIdYtK9s&amp;__tn__=*NK-R\" target=\"_blank\" rel=\"noopener\">#Selbst\u00e4ndige <\/a><a href=\"https:\/\/www.facebook.com\/hashtag\/eventprofis?__eep__=6&amp;__cft__[0]=AZX7D3mheJxBvdkMKVmI0tzFO2zD7L_xPtHp16pKQyoHoVqoW2TXsm4MHr2EQLTWZBs0vDnUf9IeoqqKecHnC9POeQ3nvQro6dLfx9-nJzhgFBBARmfGz9YVAlzVZefRk8Nb_AQcfVJG003NSoOjFCx6clyNckt9UrvQ2CSp1xk8hJgHWshSJmqbFnmKIdYtK9s&amp;__tn__=*NK-R\" target=\"_blank\" rel=\"noopener\">#EventProfis <\/a><a href=\"https:\/\/www.facebook.com\/hashtag\/netzwerken?__eep__=6&amp;__cft__[0]=AZX7D3mheJxBvdkMKVmI0tzFO2zD7L_xPtHp16pKQyoHoVqoW2TXsm4MHr2EQLTWZBs0vDnUf9IeoqqKecHnC9POeQ3nvQro6dLfx9-nJzhgFBBARmfGz9YVAlzVZefRk8Nb_AQcfVJG003NSoOjFCx6clyNckt9UrvQ2CSp1xk8hJgHWshSJmqbFnmKIdYtK9s&amp;__tn__=*NK-R\" target=\"_blank\" rel=\"noopener\">#Netzwerken <\/a><a href=\"https:\/\/www.facebook.com\/hashtag\/branchenevent?__eep__=6&amp;__cft__[0]=AZX7D3mheJxBvdkMKVmI0tzFO2zD7L_xPtHp16pKQyoHoVqoW2TXsm4MHr2EQLTWZBs0vDnUf9IeoqqKecHnC9POeQ3nvQro6dLfx9-nJzhgFBBARmfGz9YVAlzVZefRk8Nb_AQcfVJG003NSoOjFCx6clyNckt9UrvQ2CSp1xk8hJgHWshSJmqbFnmKIdYtK9s&amp;__tn__=*NK-R\" target=\"_blank\" rel=\"noopener\">#BranchenEvent<\/a><\/p>\n\n\n\n<p><\/p>\n","protected":false},"excerpt":{"rendered":"<p>Am vergangenen Freitag waren wir zum wiederholten Mal zu Gast beim Baden-Baden Award \u2013 einem Abend, der Talente feiert und Karrieren w\u00fcrdigt! Mit diesem Award wurden zum sechszehnten Mal \u00fcberragende Abschlussarbeiten frisch gebackener B\u00fchnenmaler\/-innen, B\u00fchnenplastiker\/-innen, Maskenbildner\/-innen, Mediengestalter\/-innen Bild und Ton, Veranstaltungskaufleute, Fachkr\u00e4fte f\u00fcr Veranstaltungstechnik sowie Requisiteur\/-innen ausgezeichnet. Ein gro\u00dfes Dankesch\u00f6n an den Gastgeber EurAka Baden-Baden [&hellip;]<\/p>\n","protected":false},"author":5,"featured_media":6136,"comment_status":"open","ping_status":"open","sticky":false,"template":"","format":"standard","meta":{"_acf_changed":false,"footnotes":""},"categories":[16],"tags":[81,25,52,26],"class_list":["post-6135","post","type-post","status-publish","format-standard","has-post-thumbnail","hentry","category-branche","tag-badenbadenaward","tag-isdv","tag-veranstaltungswirtschaft","tag-wirgemeinsamjetzt"],"acf":[],"_links":{"self":[{"href":"https:\/\/www.isdv.net\/en\/wp-json\/wp\/v2\/posts\/6135","targetHints":{"allow":["GET"]}}],"collection":[{"href":"https:\/\/www.isdv.net\/en\/wp-json\/wp\/v2\/posts"}],"about":[{"href":"https:\/\/www.isdv.net\/en\/wp-json\/wp\/v2\/types\/post"}],"author":[{"embeddable":true,"href":"https:\/\/www.isdv.net\/en\/wp-json\/wp\/v2\/users\/5"}],"replies":[{"embeddable":true,"href":"https:\/\/www.isdv.net\/en\/wp-json\/wp\/v2\/comments?post=6135"}],"version-history":[{"count":1,"href":"https:\/\/www.isdv.net\/en\/wp-json\/wp\/v2\/posts\/6135\/revisions"}],"predecessor-version":[{"id":6137,"href":"https:\/\/www.isdv.net\/en\/wp-json\/wp\/v2\/posts\/6135\/revisions\/6137"}],"wp:featuredmedia":[{"embeddable":true,"href":"https:\/\/www.isdv.net\/en\/wp-json\/wp\/v2\/media\/6136"}],"wp:attachment":[{"href":"https:\/\/www.isdv.net\/en\/wp-json\/wp\/v2\/media?parent=6135"}],"wp:term":[{"taxonomy":"category","embeddable":true,"href":"https:\/\/www.isdv.net\/en\/wp-json\/wp\/v2\/categories?post=6135"},{"taxonomy":"post_tag","embeddable":true,"href":"https:\/\/www.isdv.net\/en\/wp-json\/wp\/v2\/tags?post=6135"}],"curies":[{"name":"wp","href":"https:\/\/api.w.org\/{rel}","templated":true}]}}