{"id":6006,"date":"2025-10-23T14:49:52","date_gmt":"2025-10-23T12:49:52","guid":{"rendered":"https:\/\/www.isdv.net\/?p=6006"},"modified":"2025-10-23T15:27:19","modified_gmt":"2025-10-23T13:27:19","slug":"aktivrente-nicht-fuer-selbstaendige","status":"publish","type":"post","link":"https:\/\/www.isdv.net\/en\/aktivrente-nicht-fuer-selbstaendige\/","title":{"rendered":"Aktivrente nicht f\u00fcr Selbst\u00e4ndige"},"content":{"rendered":"<p>Die Aktivrente ist vom Kabinett beschlossen worden. Angestellte d\u00fcrfen im Rentenalter 2.000,00 EUR monatlich steuerfrei hinzuverdienen. Selbst\u00e4ndige d\u00fcrfen das nicht. Sie sind explizit ausgenommen worden mit der Begr\u00fcndung, dass Selbst\u00e4ndige sowieso l\u00e4nger arbeiten und deshalb keinen Anreiz daf\u00fcr br\u00e4uchten.<\/p>\n\n\n\n<p>Das gesetzgebende Finanzministerium unter Bundesfinanzminister Lars Klingbeil hat einen Referentenentwurf ver\u00f6ffentlicht und gerade einmal 24 Stunden zur Kommentierung gelassen; bei diesem doch eher komplexen Thema. <br>Die Bundesarbeitsgemeinschaft Selbst\u00e4ndigenverb\u00e4nde (BAGSV), deren Mitglied die isdv ist, hat es in einer Hauruckaktion geschafft, 27 Verb\u00e4nde zu koordinieren und eine gemeinsame Stellungnahme abzugeben. Vielen Dank an alle Beteiligten und vor allem an den Grundtext-Autor Andreas Lutz (VGSD).<\/p>\n\n\n\n<p>Die Stellungnahme findest Du hier:&nbsp;<a href=\"https:\/\/www.isdv.net\/wp-content\/uploads\/251009_BAGSV_Stellungnahme_Aktivrentengesetz.pdf\">251009_BAGSV_Stellungnahme_Aktivrentengesetz.pdf<\/a><\/p>\n\n\n\n<p>Wir sind grunds\u00e4tzlich f\u00fcr dieses Gesetz, stellen uns aber gemeinsam klar gegen den Ausschluss der Selbst\u00e4ndigen. Dieses Gesetz bezieht sich einzig und allein auf Steuererm\u00e4\u00dfigung im Alter. Es hat nichts mit Sozialabgaben oder sonstigen Belangen zu tun.<\/p>\n\n\n\n<p>Auch Selbst\u00e4ndige arbeiten \u00fcber das Rentenalter hinaus. Warum sollten sie nicht davon profitieren? Selbst\u00e4ndige zahlen in hohem Anteil den Spitzensteuersatz. Ihr Arbeitsleben lang.<\/p>\n\n\n\n<p>Wir fordern die Bundesregierung dazu auf, den Gesetzentwurf an dieser Stelle zu korrigieren.<\/p>\n\n\n\n<p>Wenn auch Du mithelfen willst, dann zeichne die BAGSV\/VGSD-Petition dazu unter folgendem Link:\u00a0<a href=\"https:\/\/www.openpetition.de\/aktivrente\" target=\"_blank\" rel=\"noopener\">https:\/\/www.openpetition.de\/aktivrente<\/a><\/p>\n\n\n\n<p>Nur viele bewirken viel. Hier m\u00fcssen sich \u00fcber 3 Millionen Selbst\u00e4ndige melden und protestieren.<\/p>\n\n\n\n<p>Es gibt keinen Grund, das wir ausgeschlossen werden aus der Aktivrente.<\/p>\n\n\n\n<p>#isdv #BAGSV #wirgemeinsamjetzt #aktivrente #selbstaendig #selbst\u00e4ndig #bundesregierung #LarsKlingbeil #baebelBas #Merz #CDU #SPD #BMWE #BMAS #BKamt #Bundestag #BMF<\/p>","protected":false},"excerpt":{"rendered":"<p>Die Aktivrente ist vom Kabinett beschlossen worden. Angestellte d\u00fcrfen im Rentenalter 2.000,00 EUR monatlich steuerfrei hinzuverdienen. Selbst\u00e4ndige d\u00fcrfen das nicht. Sie sind explizit ausgenommen worden mit der Begr\u00fcndung, dass Selbst\u00e4ndige sowieso l\u00e4nger arbeiten und deshalb keinen Anreiz daf\u00fcr br\u00e4uchten. Das gesetzgebende Finanzministerium unter Bundesfinanzminister Lars Klingbeil hat einen Referentenentwurf ver\u00f6ffentlicht und gerade einmal 24 Stunden [&hellip;]<\/p>\n","protected":false},"author":5,"featured_media":6007,"comment_status":"open","ping_status":"open","sticky":false,"template":"","format":"standard","meta":{"_acf_changed":false,"footnotes":""},"categories":[1],"tags":[],"class_list":["post-6006","post","type-post","status-publish","format-standard","has-post-thumbnail","hentry","category-ohne_kategorie"],"acf":[],"_links":{"self":[{"href":"https:\/\/www.isdv.net\/en\/wp-json\/wp\/v2\/posts\/6006","targetHints":{"allow":["GET"]}}],"collection":[{"href":"https:\/\/www.isdv.net\/en\/wp-json\/wp\/v2\/posts"}],"about":[{"href":"https:\/\/www.isdv.net\/en\/wp-json\/wp\/v2\/types\/post"}],"author":[{"embeddable":true,"href":"https:\/\/www.isdv.net\/en\/wp-json\/wp\/v2\/users\/5"}],"replies":[{"embeddable":true,"href":"https:\/\/www.isdv.net\/en\/wp-json\/wp\/v2\/comments?post=6006"}],"version-history":[{"count":3,"href":"https:\/\/www.isdv.net\/en\/wp-json\/wp\/v2\/posts\/6006\/revisions"}],"predecessor-version":[{"id":6011,"href":"https:\/\/www.isdv.net\/en\/wp-json\/wp\/v2\/posts\/6006\/revisions\/6011"}],"wp:featuredmedia":[{"embeddable":true,"href":"https:\/\/www.isdv.net\/en\/wp-json\/wp\/v2\/media\/6007"}],"wp:attachment":[{"href":"https:\/\/www.isdv.net\/en\/wp-json\/wp\/v2\/media?parent=6006"}],"wp:term":[{"taxonomy":"category","embeddable":true,"href":"https:\/\/www.isdv.net\/en\/wp-json\/wp\/v2\/categories?post=6006"},{"taxonomy":"post_tag","embeddable":true,"href":"https:\/\/www.isdv.net\/en\/wp-json\/wp\/v2\/tags?post=6006"}],"curies":[{"name":"wp","href":"https:\/\/api.w.org\/{rel}","templated":true}]}}