{"id":5679,"date":"2025-06-25T19:52:16","date_gmt":"2025-06-25T17:52:16","guid":{"rendered":"https:\/\/www.isdv.net\/?p=5679"},"modified":"2025-06-25T19:52:18","modified_gmt":"2025-06-25T17:52:18","slug":"bagsv-sitzung-in-berlin-2","status":"publish","type":"post","link":"https:\/\/www.isdv.net\/en\/bagsv-sitzung-in-berlin-2\/","title":{"rendered":"BAGSV-Sitzung in Berlin"},"content":{"rendered":"<p>isdv on site:<br>Heute fand in Berlin das zweite Pr\u00e4senztreffen der Bundesarbeitsgemeinschaft Selbst\u00e4ndigenverb\u00e4nde (BAGSV) statt.<br>Neben einem formalen Teil zur Gesch\u00e4ftsordnung und dem Haushaltsplan, hatte die Tagesordnung viele Punkte zur Selbst\u00e4ndigkeit aufgef\u00fchrt.<\/p>\n\n\n\n<p>Ein Haupt-TOP war der Besuch der Bundestagsabgeordneten Frau Nora Seitz, CDU, Fleischermeisterin (Bild Mitte). Sie ist zum ersten Mal im Bundestag und sitzt im Ausschuss f\u00fcr Arbeit und Soziales. Aufgrund ihres pers\u00f6nlichen Hintergrundes als Teil eines Familienunternehmens (Fleischerei) hat sie viel Wissen \u00fcber Selbst\u00e4ndigkeit und die Schwierigkeiten, die damit verbunden sind.<br>Es war ein sehr konstruktiver Austausch, in dessen Verlauf Frau Seitz auch direkt Ansprechpartner in ihrer Partei f\u00fcr sich ausgelotet hat und ihre Bereitschaft zur Unterst\u00fctzung der Selbst\u00e4ndigen klar zum Ausdruck brachte.<\/p>\n\n\n\n<p>Weitere Themen waren:<\/p>\n\n\n\n<p>&#8211; Aktueller Sachstand und neue Erkenntnisse zum Thema Statusfeststellung\/Scheinselbst\u00e4ndigkeit.<\/p>\n\n\n\n<p>&#8211; Vorstellung eines m\u00f6glichen Planes mit einem neuen Ansatz f\u00fcr eine Verfassungsklage gegen das  Statusfeststellungsverfahren.<\/p>\n\n\n\n<p>&#8211; Bericht zum Engagement der BAGSV in der Sozialwahl 2029<\/p>\n\n\n\n<p>&#8211; Bericht vom Treffen mit Frau Dr. Blancke (Bundesministerium f\u00fcr Arbeit und<\/p>\n\n\n\n<p>Soziales, BMAS) zum Thema \u201eunternehmerisches Risiko\u201c.<\/p>\n\n\n\n<p>Zum ersten Mal war Sandra Beckmann von Seiten der isdv bei einer Sitzung der BAGSV dabei. Sie wird ab sofort an allen BAGSV-Treffen und Gespr\u00e4chen teilnehmen und so gemeinsam mit Marcus Pohl die politische Arbeit der isdv vorantreiben.<\/p>\n\n\n\n<p>#isdv #wirGemeinsamJetzt #BAGSV #CDU #NoraSeitz #selbstaendigkeit<\/p>\n\n\n\n<p>(Bild: Bj\u00f6rn Sackniess)<\/p>","protected":false},"excerpt":{"rendered":"<p>isdv vor Ort:Heute fand in Berlin das zweite Pr\u00e4senztreffen der Bundesarbeitsgemeinschaft Selbst\u00e4ndigenverb\u00e4nde (BAGSV) statt.Neben einem formalen Teil zur Gesch\u00e4ftsordnung und dem Haushaltsplan, hatte die Tagesordnung viele Punkte zur Selbst\u00e4ndigkeit aufgef\u00fchrt. Ein Haupt-TOP war der Besuch der Bundestagsabgeordneten Frau Nora Seitz, CDU, Fleischermeisterin (Bild Mitte). Sie ist zum ersten Mal im Bundestag und sitzt im Ausschuss [&hellip;]<\/p>\n","protected":false},"author":5,"featured_media":5680,"comment_status":"open","ping_status":"open","sticky":false,"template":"","format":"standard","meta":{"_acf_changed":false,"footnotes":""},"categories":[1],"tags":[],"class_list":["post-5679","post","type-post","status-publish","format-standard","has-post-thumbnail","hentry","category-ohne_kategorie"],"acf":[],"_links":{"self":[{"href":"https:\/\/www.isdv.net\/en\/wp-json\/wp\/v2\/posts\/5679","targetHints":{"allow":["GET"]}}],"collection":[{"href":"https:\/\/www.isdv.net\/en\/wp-json\/wp\/v2\/posts"}],"about":[{"href":"https:\/\/www.isdv.net\/en\/wp-json\/wp\/v2\/types\/post"}],"author":[{"embeddable":true,"href":"https:\/\/www.isdv.net\/en\/wp-json\/wp\/v2\/users\/5"}],"replies":[{"embeddable":true,"href":"https:\/\/www.isdv.net\/en\/wp-json\/wp\/v2\/comments?post=5679"}],"version-history":[{"count":2,"href":"https:\/\/www.isdv.net\/en\/wp-json\/wp\/v2\/posts\/5679\/revisions"}],"predecessor-version":[{"id":5682,"href":"https:\/\/www.isdv.net\/en\/wp-json\/wp\/v2\/posts\/5679\/revisions\/5682"}],"wp:featuredmedia":[{"embeddable":true,"href":"https:\/\/www.isdv.net\/en\/wp-json\/wp\/v2\/media\/5680"}],"wp:attachment":[{"href":"https:\/\/www.isdv.net\/en\/wp-json\/wp\/v2\/media?parent=5679"}],"wp:term":[{"taxonomy":"category","embeddable":true,"href":"https:\/\/www.isdv.net\/en\/wp-json\/wp\/v2\/categories?post=5679"},{"taxonomy":"post_tag","embeddable":true,"href":"https:\/\/www.isdv.net\/en\/wp-json\/wp\/v2\/tags?post=5679"}],"curies":[{"name":"wp","href":"https:\/\/api.w.org\/{rel}","templated":true}]}}