{"id":5536,"date":"2025-01-27T16:00:03","date_gmt":"2025-01-27T15:00:03","guid":{"rendered":"https:\/\/www.isdv.net\/?p=5536"},"modified":"2025-01-27T16:00:07","modified_gmt":"2025-01-27T15:00:07","slug":"mothergrid-kickoff-2025","status":"publish","type":"post","link":"https:\/\/www.isdv.net\/en\/mothergrid-kickoff-2025\/","title":{"rendered":"Mothergrid \u2013 Kickoff 2025"},"content":{"rendered":"<p>Am 30.01.2025 um 12 Uhr spricht Marcus Pohl, 1. Vorsitzender des isdv e.V., im Interview mit Markus Wilmsmann, Inhaber und Chefredakteur von Mothergrid, \u00fcber die Zukunft der Veranstaltungsbranche. <\/p>\n\n\n\n<p>Themen wie die wirtschaftliche Lage, neue politische Chancen und die Einf\u00fchrung der eRechnung stehen dabei im Fokus. Zus\u00e4tzlich gibt Marcus Pohl spannende Einblicke in die Projekte und Aktivit\u00e4ten des isdv, darunter die bevorstehenden Vorstandswahlen, das Webinarprogramm des Verbandes sowie das 10-j\u00e4hrige Jubil\u00e4um der isdv. <\/p>\n\n\n\n<p>Der Livechat bietet euch die M\u00f6glichkeit, Fragen zu stellen und mitzudiskutieren! <br>Seid live dabei am 30.01.2025 um 12 Uhr!<br><br><a href=\"https:\/\/www.mothergrid.de\/story\/kickoff-205-mit-marcus-pohl-isdv\/\" target=\"_blank\" rel=\"noreferrer noopener\">Hier geht&#8217;s zum Stream<\/a><br><\/p>\n\n\n\n<p><a href=\"https:\/\/www.instagram.com\/explore\/tags\/isdv\" target=\"_blank\" rel=\"noreferrer noopener\">#isdv<\/a> <a href=\"https:\/\/www.instagram.com\/explore\/tags\/wirgemeinsamjetzt\" target=\"_blank\" rel=\"noreferrer noopener\">#wetogethernow<\/a> <a href=\"https:\/\/www.instagram.com\/explore\/tags\/kickoff\" target=\"_blank\" rel=\"noreferrer noopener\">#kickoff<\/a> <a href=\"https:\/\/www.instagram.com\/explore\/tags\/mothergrid\" target=\"_blank\" rel=\"noreferrer noopener\">#mothergrid<\/a> <a href=\"https:\/\/www.instagram.com\/explore\/tags\/Veranstaltungswirtschaft\" target=\"_blank\" rel=\"noreferrer noopener\">#Event Management<\/a><\/p>","protected":false},"excerpt":{"rendered":"<p>Am 30.01.2025 um 12 Uhr spricht Marcus Pohl, 1. Vorsitzender des isdv e.V., im Interview mit Markus Wilmsmann, Inhaber und Chefredakteur von Mothergrid, \u00fcber die Zukunft der Veranstaltungsbranche. Themen wie die wirtschaftliche Lage, neue politische Chancen und die Einf\u00fchrung der eRechnung stehen dabei im Fokus. Zus\u00e4tzlich gibt Marcus Pohl spannende Einblicke in die Projekte und [&hellip;]<\/p>\n","protected":false},"author":8,"featured_media":5537,"comment_status":"open","ping_status":"open","sticky":false,"template":"","format":"standard","meta":{"_acf_changed":false,"footnotes":""},"categories":[16],"tags":[25,55,29,52,26],"class_list":["post-5536","post","type-post","status-publish","format-standard","has-post-thumbnail","hentry","category-branche","tag-isdv","tag-mothergrid","tag-selbstaendig","tag-veranstaltungswirtschaft","tag-wirgemeinsamjetzt"],"acf":[],"_links":{"self":[{"href":"https:\/\/www.isdv.net\/en\/wp-json\/wp\/v2\/posts\/5536","targetHints":{"allow":["GET"]}}],"collection":[{"href":"https:\/\/www.isdv.net\/en\/wp-json\/wp\/v2\/posts"}],"about":[{"href":"https:\/\/www.isdv.net\/en\/wp-json\/wp\/v2\/types\/post"}],"author":[{"embeddable":true,"href":"https:\/\/www.isdv.net\/en\/wp-json\/wp\/v2\/users\/8"}],"replies":[{"embeddable":true,"href":"https:\/\/www.isdv.net\/en\/wp-json\/wp\/v2\/comments?post=5536"}],"version-history":[{"count":1,"href":"https:\/\/www.isdv.net\/en\/wp-json\/wp\/v2\/posts\/5536\/revisions"}],"predecessor-version":[{"id":5538,"href":"https:\/\/www.isdv.net\/en\/wp-json\/wp\/v2\/posts\/5536\/revisions\/5538"}],"wp:featuredmedia":[{"embeddable":true,"href":"https:\/\/www.isdv.net\/en\/wp-json\/wp\/v2\/media\/5537"}],"wp:attachment":[{"href":"https:\/\/www.isdv.net\/en\/wp-json\/wp\/v2\/media?parent=5536"}],"wp:term":[{"taxonomy":"category","embeddable":true,"href":"https:\/\/www.isdv.net\/en\/wp-json\/wp\/v2\/categories?post=5536"},{"taxonomy":"post_tag","embeddable":true,"href":"https:\/\/www.isdv.net\/en\/wp-json\/wp\/v2\/tags?post=5536"}],"curies":[{"name":"wp","href":"https:\/\/api.w.org\/{rel}","templated":true}]}}