{"id":4985,"date":"2024-03-06T16:00:00","date_gmt":"2024-03-06T15:00:00","guid":{"rendered":"https:\/\/www.isdv.net\/?p=4985"},"modified":"2024-03-06T09:28:44","modified_gmt":"2024-03-06T08:28:44","slug":"pls-2024","status":"publish","type":"post","link":"https:\/\/www.isdv.net\/en\/pls-2024\/","title":{"rendered":"PLS 2024"},"content":{"rendered":"<p>isdv on site:<\/p>\n\n\n\n<p>vom 19.- 22.03.2024 findet die Prolight &amp; Sound 2024 auf dem Messegel\u00e4nde der Messe Frankfurt statt. Die isdv e.V. ist mit einem Gemeinschaftsstand in Halle 11, Stand C30, vertreten.<\/p>\n\n\n\n<p>Die Mitaussteller sind:<\/p>\n\n\n\n<p>\u00b7&nbsp;&nbsp;&nbsp;&nbsp;&nbsp;&nbsp;&nbsp;&nbsp; VDMV GmbH<\/p>\n\n\n\n<p>\u00b7&nbsp;&nbsp;&nbsp;&nbsp;&nbsp;&nbsp;&nbsp;&nbsp; erpam GmbH<\/p>\n\n\n\n<p>\u00b7&nbsp;&nbsp;&nbsp;&nbsp;&nbsp;&nbsp;&nbsp;&nbsp; Event-Klinik<\/p>\n\n\n\n<p>\u00b7&nbsp;&nbsp;&nbsp;&nbsp;&nbsp;&nbsp;&nbsp;&nbsp; Mathilda Kruschel Veranstaltungsservice<\/p>\n\n\n\n<p>\u00b7&nbsp;&nbsp;&nbsp;&nbsp;&nbsp;&nbsp;&nbsp;&nbsp; aadhoc<\/p>\n\n\n\n<p>Ein Highlight in diesem Jahr ist die \u201cLightliners Lounge\u201c, die unser Mitglied Alexander Preuss zur Verf\u00fcgung stellt. Es ist eine Lounge auf der Standfl\u00e4che des isdv e.V., die als Treffpunkt f\u00fcr alle und als Medialounge f\u00fcr den Erntehelfer-Podcast und Mothergrid dient. Wir freuen uns auf Euren Besuch am isdv- Stand C30, Halle 11.0!<\/p>\n\n\n\n<p>#isdv #prolightsound24 #Veranstaltungswirtschaft #Soloselbst\u00e4ndige #Verb\u00e4nde #wirGemeinsamJetzt<\/p>","protected":false},"excerpt":{"rendered":"<p>isdv vor Ort: vom 19.- 22.03.2024 findet die Prolight &amp; Sound 2024 auf dem Messegel\u00e4nde der Messe Frankfurt statt. Die isdv e.V. ist mit einem Gemeinschaftsstand in Halle 11, Stand C30, vertreten. Die Mitaussteller sind: \u00b7&nbsp;&nbsp;&nbsp;&nbsp;&nbsp;&nbsp;&nbsp;&nbsp; VDMV GmbH \u00b7&nbsp;&nbsp;&nbsp;&nbsp;&nbsp;&nbsp;&nbsp;&nbsp; erpam GmbH \u00b7&nbsp;&nbsp;&nbsp;&nbsp;&nbsp;&nbsp;&nbsp;&nbsp; Event-Klinik \u00b7&nbsp;&nbsp;&nbsp;&nbsp;&nbsp;&nbsp;&nbsp;&nbsp; Mathilda Kruschel Veranstaltungsservice \u00b7&nbsp;&nbsp;&nbsp;&nbsp;&nbsp;&nbsp;&nbsp;&nbsp; aadhoc Ein Highlight in diesem Jahr ist [&hellip;]<\/p>\n","protected":false},"author":4,"featured_media":4986,"comment_status":"open","ping_status":"open","sticky":false,"template":"","format":"standard","meta":{"_acf_changed":false,"footnotes":""},"categories":[16],"tags":[],"class_list":["post-4985","post","type-post","status-publish","format-standard","has-post-thumbnail","hentry","category-branche"],"acf":[],"_links":{"self":[{"href":"https:\/\/www.isdv.net\/en\/wp-json\/wp\/v2\/posts\/4985","targetHints":{"allow":["GET"]}}],"collection":[{"href":"https:\/\/www.isdv.net\/en\/wp-json\/wp\/v2\/posts"}],"about":[{"href":"https:\/\/www.isdv.net\/en\/wp-json\/wp\/v2\/types\/post"}],"author":[{"embeddable":true,"href":"https:\/\/www.isdv.net\/en\/wp-json\/wp\/v2\/users\/4"}],"replies":[{"embeddable":true,"href":"https:\/\/www.isdv.net\/en\/wp-json\/wp\/v2\/comments?post=4985"}],"version-history":[{"count":2,"href":"https:\/\/www.isdv.net\/en\/wp-json\/wp\/v2\/posts\/4985\/revisions"}],"predecessor-version":[{"id":4988,"href":"https:\/\/www.isdv.net\/en\/wp-json\/wp\/v2\/posts\/4985\/revisions\/4988"}],"wp:featuredmedia":[{"embeddable":true,"href":"https:\/\/www.isdv.net\/en\/wp-json\/wp\/v2\/media\/4986"}],"wp:attachment":[{"href":"https:\/\/www.isdv.net\/en\/wp-json\/wp\/v2\/media?parent=4985"}],"wp:term":[{"taxonomy":"category","embeddable":true,"href":"https:\/\/www.isdv.net\/en\/wp-json\/wp\/v2\/categories?post=4985"},{"taxonomy":"post_tag","embeddable":true,"href":"https:\/\/www.isdv.net\/en\/wp-json\/wp\/v2\/tags?post=4985"}],"curies":[{"name":"wp","href":"https:\/\/api.w.org\/{rel}","templated":true}]}}