{"id":4811,"date":"2023-11-20T16:03:05","date_gmt":"2023-11-20T15:03:05","guid":{"rendered":"https:\/\/www.isdv.net\/?p=4811"},"modified":"2023-11-20T16:03:08","modified_gmt":"2023-11-20T15:03:08","slug":"nachbericht-juso-bundeskongress-2023","status":"publish","type":"post","link":"https:\/\/www.isdv.net\/en\/nachbericht-juso-bundeskongress-2023\/","title":{"rendered":"Nachbericht JuSo Bundeskongress 2023"},"content":{"rendered":"<p>Analog zu den Bundesparteitagen, war die isdv auch auf dem JUSO-Bundeskongress 2023, der Nachwuchsschmiede der SPD, vertreten. Diesmal mit Mathilda Kruschel und Marcus Pohl.<\/p>\n\n\n\n<p>Die Themen der Selbst\u00e4ndigen sind bei den #JUSOS nat\u00fcrlich weitestgehend nicht bekannt. Genau das war die Motivation hier als Aussteller aktiv zu werden. In vielen Gespr\u00e4chen konnten wir \u00fcber die Selbst\u00e4ndigen informieren, die Problemstellung Scheinselbst\u00e4ndigkeit erkl\u00e4ren, wo es bei der sozialen Absicherung hapert und wie es einem in Deutschland schwer gemacht wird, sich ein selbst\u00e4ndiges Leben aufzubauen. Ebenso war viel Interesse an der Veranstaltungswirtschaft selbst vorhanden. Das wir \u00fcber 276 Berufe haben hat vielen ein Staunen abgerungen. Die meisten hatten sich tats\u00e4chlich noch nie Gedanken dar\u00fcber gemacht, wie es in unserem Bereich zugeht und warum wir gerne in diesem Wirtschaftszweig, und dann auch selbst\u00e4ndig, arbeiten.<\/p>\n\n\n\n<p>Herrn Bundesarbeitsminister Heil konnten wir unser Forderungspapier zur sozialen Sicherung von Selbst\u00e4ndigen und der Novellierung des Statusfeststellungsverfahrens \u00fcbergeben, SPD-Generalsekret\u00e4r Kevin K\u00fchnert hat sich mit uns nach einer informationellen Druckbetankung auf dem SPD-Parteitag in drei Wochen zur Fortsetzung des Gespr\u00e4ches verabredet und Alexander Schweitzer, Minister f\u00fcr Arbeit, Soziales, Transformation und Digitalisierung in Rheinland-Pfalz, kannte zwar die Thematik, nicht jedoch den Impact, den die Scheinselbst\u00e4ndigkeit auf die gesamte deutsche Wirtschaft hat.<\/p>\n\n\n\n<p>Der frisch gew\u00e4hlte Vorsitzende der JUSOS, Philipp T\u00fcrmer, der als ein Herzensthema das soziale Sicherungssystem hat, fand die Verbindung zwischen uns nat\u00fcrlich sofort (siehe Bild)<\/p>\n\n\n\n<p>Wir k\u00f6nnen also zufrieden auf den JUSO-Kongress 2023 zur\u00fcckblicken. Die n\u00e4chste Generation SPD-Politker:innen hat jetzt Kontakt mit der Veranstaltungswirtschaft und den Selbst\u00e4ndigen und wir k\u00f6nnen sie mit Informationen versorgen.<\/p>\n\n\n\n<p>#isdv #selbst\u00e4ndigt #wirGemeinsamJetzt #Scheinselbst\u00e4nidgkeit #Statusfeststellung<\/p>","protected":false},"excerpt":{"rendered":"<p>Analog zu den Bundesparteitagen, war die isdv auch auf dem JUSO-Bundeskongress 2023, der Nachwuchsschmiede der SPD, vertreten. Diesmal mit Mathilda Kruschel und Marcus Pohl. Die Themen der Selbst\u00e4ndigen sind bei den #JUSOS nat\u00fcrlich weitestgehend nicht bekannt. Genau das war die Motivation hier als Aussteller aktiv zu werden. In vielen Gespr\u00e4chen konnten wir \u00fcber die Selbst\u00e4ndigen [&hellip;]<\/p>\n","protected":false},"author":4,"featured_media":4812,"comment_status":"open","ping_status":"open","sticky":false,"template":"","format":"standard","meta":{"_acf_changed":false,"footnotes":""},"categories":[15],"tags":[],"class_list":["post-4811","post","type-post","status-publish","format-standard","has-post-thumbnail","hentry","category-politik"],"acf":[],"_links":{"self":[{"href":"https:\/\/www.isdv.net\/en\/wp-json\/wp\/v2\/posts\/4811","targetHints":{"allow":["GET"]}}],"collection":[{"href":"https:\/\/www.isdv.net\/en\/wp-json\/wp\/v2\/posts"}],"about":[{"href":"https:\/\/www.isdv.net\/en\/wp-json\/wp\/v2\/types\/post"}],"author":[{"embeddable":true,"href":"https:\/\/www.isdv.net\/en\/wp-json\/wp\/v2\/users\/4"}],"replies":[{"embeddable":true,"href":"https:\/\/www.isdv.net\/en\/wp-json\/wp\/v2\/comments?post=4811"}],"version-history":[{"count":2,"href":"https:\/\/www.isdv.net\/en\/wp-json\/wp\/v2\/posts\/4811\/revisions"}],"predecessor-version":[{"id":4814,"href":"https:\/\/www.isdv.net\/en\/wp-json\/wp\/v2\/posts\/4811\/revisions\/4814"}],"wp:featuredmedia":[{"embeddable":true,"href":"https:\/\/www.isdv.net\/en\/wp-json\/wp\/v2\/media\/4812"}],"wp:attachment":[{"href":"https:\/\/www.isdv.net\/en\/wp-json\/wp\/v2\/media?parent=4811"}],"wp:term":[{"taxonomy":"category","embeddable":true,"href":"https:\/\/www.isdv.net\/en\/wp-json\/wp\/v2\/categories?post=4811"},{"taxonomy":"post_tag","embeddable":true,"href":"https:\/\/www.isdv.net\/en\/wp-json\/wp\/v2\/tags?post=4811"}],"curies":[{"name":"wp","href":"https:\/\/api.w.org\/{rel}","templated":true}]}}