{"id":4766,"date":"2023-10-26T16:00:16","date_gmt":"2023-10-26T14:00:16","guid":{"rendered":"https:\/\/www.isdv.net\/?p=4766"},"modified":"2023-10-26T16:00:20","modified_gmt":"2023-10-26T14:00:20","slug":"isdv-vor-ort-bericht-dany-olg-stuttgart","status":"publish","type":"post","link":"https:\/\/www.isdv.net\/en\/isdv-vor-ort-bericht-dany-olg-stuttgart\/","title":{"rendered":"isdv vor Ort: Bericht Dany OLG Stuttgart"},"content":{"rendered":"<p>Gestern fand im Oberlandesgericht Stuttgart das Berufungsverfahren &#8222;Dany gegen Baden-W\u00fcrttemberg&#8220; statt. Wir waren ohne gro\u00dfe Erwartungen in die Verhandlung gegangen und wurden dann doch \u00fcberrascht. Der Richter nahm sich \u00fcber eine Stunde Zeit mit Dany und seinem Anwalt zu diskutieren und die Argumente, warum eine Entsch\u00e4digung aufgrund von existenzbedrohenden Einschr\u00e4nkungen durch die getroffenen Corona-Schutzma\u00dfnahmen berechtigt sei, anzuh\u00f6ren und einzuordnen.<\/p>\n\n\n\n<p>Einer der entscheidenden Aussagen des Richters war die folgende (nicht w\u00f6rtlich):<\/p>\n\n\n\n<p>Ein Richter pr\u00fcft Anspr\u00fcche im Sinne des Gesetzes. Eine Grundrechtsverletzung f\u00fchrt nicht automatisch zu einer Entsch\u00e4digungszahlung, wenn es vom Gesetzgeber nicht vorgesehen ist. Das sei hier der Fall. Der Gesetzgeber hat f\u00fcr diese Situation, wie sie durch das Coronavirus verursacht wurde, keine Entsch\u00e4digung von Unternehmen vorgesehen.<\/p>\n\n\n\n<p>Leider wollte er sich nicht dahingehend \u00e4u\u00dfern, das es sich an dieser Stelle um eine Regelungsl\u00fccke im Infektionsschutzgesetz handelt. Die allgemeine Rechtsauffassung sei es, das der Gesetzgeber dies einfach nicht entsch\u00e4digen wolle.<\/p>\n\n\n\n<p>Die Forderung von Dany\u00b4s Seite, dann doch die Entscheidung zum BGH oder Verfassungsgericht abzugeben, um den Gesetzgeber zum Nachbessern f\u00fcr die Zukunft zu bringen, sah er nicht als seine Aufgabe, hat es aber auch nicht g\u00e4nzlich vom Tisch ger\u00e4umt.<\/p>\n\n\n\n<p>In einem Monat folgt das Urteil. Wir bleiben gespannt am Ball.<\/p>\n\n\n\n<p>Danke f\u00fcr Eure Unterst\u00fctzung.<\/p>\n\n\n\n<p>#isdv #Danyklagt #\u00e4wirGemeinsamJetzt<\/p>","protected":false},"excerpt":{"rendered":"<p>Gestern fand im Oberlandesgericht Stuttgart das Berufungsverfahren &#8222;Dany gegen Baden-W\u00fcrttemberg&#8220; statt. Wir waren ohne gro\u00dfe Erwartungen in die Verhandlung gegangen und wurden dann doch \u00fcberrascht. Der Richter nahm sich \u00fcber eine Stunde Zeit mit Dany und seinem Anwalt zu diskutieren und die Argumente, warum eine Entsch\u00e4digung aufgrund von existenzbedrohenden Einschr\u00e4nkungen durch die getroffenen Corona-Schutzma\u00dfnahmen berechtigt [&hellip;]<\/p>\n","protected":false},"author":4,"featured_media":4767,"comment_status":"open","ping_status":"open","sticky":false,"template":"","format":"standard","meta":{"_acf_changed":false,"footnotes":""},"categories":[16],"tags":[],"class_list":["post-4766","post","type-post","status-publish","format-standard","has-post-thumbnail","hentry","category-branche"],"acf":[],"_links":{"self":[{"href":"https:\/\/www.isdv.net\/en\/wp-json\/wp\/v2\/posts\/4766","targetHints":{"allow":["GET"]}}],"collection":[{"href":"https:\/\/www.isdv.net\/en\/wp-json\/wp\/v2\/posts"}],"about":[{"href":"https:\/\/www.isdv.net\/en\/wp-json\/wp\/v2\/types\/post"}],"author":[{"embeddable":true,"href":"https:\/\/www.isdv.net\/en\/wp-json\/wp\/v2\/users\/4"}],"replies":[{"embeddable":true,"href":"https:\/\/www.isdv.net\/en\/wp-json\/wp\/v2\/comments?post=4766"}],"version-history":[{"count":1,"href":"https:\/\/www.isdv.net\/en\/wp-json\/wp\/v2\/posts\/4766\/revisions"}],"predecessor-version":[{"id":4768,"href":"https:\/\/www.isdv.net\/en\/wp-json\/wp\/v2\/posts\/4766\/revisions\/4768"}],"wp:featuredmedia":[{"embeddable":true,"href":"https:\/\/www.isdv.net\/en\/wp-json\/wp\/v2\/media\/4767"}],"wp:attachment":[{"href":"https:\/\/www.isdv.net\/en\/wp-json\/wp\/v2\/media?parent=4766"}],"wp:term":[{"taxonomy":"category","embeddable":true,"href":"https:\/\/www.isdv.net\/en\/wp-json\/wp\/v2\/categories?post=4766"},{"taxonomy":"post_tag","embeddable":true,"href":"https:\/\/www.isdv.net\/en\/wp-json\/wp\/v2\/tags?post=4766"}],"curies":[{"name":"wp","href":"https:\/\/api.w.org\/{rel}","templated":true}]}}