{"id":3825,"date":"2023-02-23T09:04:14","date_gmt":"2023-02-23T09:04:14","guid":{"rendered":"https:\/\/www.isdv.net\/?p=3825"},"modified":"2023-02-27T09:06:18","modified_gmt":"2023-02-27T09:06:18","slug":"ifo-klimaindex-vaw-februar-2023","status":"publish","type":"post","link":"https:\/\/www.isdv.net\/en\/ifo-klimaindex-vaw-februar-2023\/","title":{"rendered":"ifo climate index VAW February 2023"},"content":{"rendered":"<p>Unfortunately, the general ifo climate index for the German economy is not quite as positive for the event industry.<\/p>\n\n\n\n<p>Although the sixth-largest branch of the economy expects business to increase in the coming months, indicators for employment, price development, sales development and general business development continue to point downwards.<\/p>\n\n\n\n<p>The reason for this will be the persistent reluctance to consume that has also been observed in other sectors of the economy, but also the lack of exhibitors and visitors from abroad, especially for trade fairs, which still has to do with Corona. In addition, the trend towards technically less complex digital events is continuing in the business context.<\/p>\n\n\n\n<p>The isdv eV continues to worry about the negative development of sales, prices and employees. Only together will we be able to reverse the trend on these points. This includes the self-employed as well as medium-sized and large companies. Higher salaries mean more attractive jobs, higher prices and daily rates mean more sales. Everything together secures the employees of the economic sector and that is important in order to be able to master the upcoming challenges of the transformation of the event industry in the areas of sustainability and new event formats.<\/p>\n\n\n\n<p>#ifoindex #isdv #weTogetherNow #theDiscountButtonHasDiedOfCorona<\/p>","protected":false},"excerpt":{"rendered":"<p>Ganz so positiv, wie der allgemeine ifo-Klimaindex der Deutschen Wirtschaft ist der f\u00fcr die Veranstaltungswirtschaft leider nicht. Zwar rechnet der sechstgr\u00f6\u00dfte Wirtschaftszweig mit steigendem Gesch\u00e4ft in den kommenden Monaten, aber Indikatoren f\u00fcr Besch\u00e4ftigung, Preisentwicklung, Umsatzentwicklung und allgemeine Gesch\u00e4ftsentwicklung zeigen weiterhin nach unten. Der Grund hierf\u00fcr wird die auch in anderen Wirtschaftszweigen festgestellte anhaltende Konsumzur\u00fcckhaltung sein, [&hellip;]<\/p>\n","protected":false},"author":4,"featured_media":3826,"comment_status":"open","ping_status":"open","sticky":false,"template":"","format":"standard","meta":{"_acf_changed":false,"footnotes":""},"categories":[16],"tags":[],"class_list":["post-3825","post","type-post","status-publish","format-standard","has-post-thumbnail","hentry","category-branche"],"acf":[],"_links":{"self":[{"href":"https:\/\/www.isdv.net\/en\/wp-json\/wp\/v2\/posts\/3825","targetHints":{"allow":["GET"]}}],"collection":[{"href":"https:\/\/www.isdv.net\/en\/wp-json\/wp\/v2\/posts"}],"about":[{"href":"https:\/\/www.isdv.net\/en\/wp-json\/wp\/v2\/types\/post"}],"author":[{"embeddable":true,"href":"https:\/\/www.isdv.net\/en\/wp-json\/wp\/v2\/users\/4"}],"replies":[{"embeddable":true,"href":"https:\/\/www.isdv.net\/en\/wp-json\/wp\/v2\/comments?post=3825"}],"version-history":[{"count":0,"href":"https:\/\/www.isdv.net\/en\/wp-json\/wp\/v2\/posts\/3825\/revisions"}],"wp:featuredmedia":[{"embeddable":true,"href":"https:\/\/www.isdv.net\/en\/wp-json\/wp\/v2\/media\/3826"}],"wp:attachment":[{"href":"https:\/\/www.isdv.net\/en\/wp-json\/wp\/v2\/media?parent=3825"}],"wp:term":[{"taxonomy":"category","embeddable":true,"href":"https:\/\/www.isdv.net\/en\/wp-json\/wp\/v2\/categories?post=3825"},{"taxonomy":"post_tag","embeddable":true,"href":"https:\/\/www.isdv.net\/en\/wp-json\/wp\/v2\/tags?post=3825"}],"curies":[{"name":"wp","href":"https:\/\/api.w.org\/{rel}","templated":true}]}}