{"id":3705,"date":"2022-12-21T10:08:00","date_gmt":"2022-12-21T10:08:00","guid":{"rendered":"https:\/\/www.isdv.net\/?p=3705"},"modified":"2023-01-23T11:48:27","modified_gmt":"2023-01-23T11:48:27","slug":"live-veranstaltung-im-house-of-creativity-and-innovation-frankfurt","status":"publish","type":"post","link":"https:\/\/www.isdv.net\/en\/live-veranstaltung-im-house-of-creativity-and-innovation-frankfurt\/","title":{"rendered":"Live event at the House of Creativity and Innovation Frankfurt"},"content":{"rendered":"<p>&quot;Rethink the world.&quot;<\/p>\n\n\n\n<p>Paradigm shift in advertising, design and lifestyle.<\/p>\n\n\n\n<p>Live event at the House of Creativity and Innovation Frankfurt (HOCI) | 12\/22\/2022<\/p>\n\n\n\n<p>Keynote: Ulrich Klenke, Chief Brand Officer Deutsche Telekom AG<\/p>\n\n\n\n<p>The <a><\/a>world is changing. Markets are changing. Technologies are changing.<\/p>\n\n\n\n<p>The creative industries now have the chance to take on a new role in the economy&#039;s value-added process. This requires platforms for the joint exchange of ideas. HOCI Frankfurt is a good example of this.<\/p>\n\n\n\n<p>Free tickets at:<\/p>\n\n\n\n<p><a href=\"https:\/\/www.eventbrite.de\/...\/cluk-creators-for-future...\" target=\"_blank\" rel=\"noopener\">https:\/\/www.eventbrite.de\/&#8230;\/cluk-creators-for-future&#8230;<\/a><\/p>\n\n\n\n<p>6 p.m. | Entry, get together<\/p>\n\n\n\n<p>7 p.m. | Welcome by Wolfgang Weyand, Chairman CLUK eV<\/p>\n\n\n\n<p>7:05 p.m. | Key note: Ulrich Klenke, Chief Brand Officer at Deutsche Telekom<\/p>\n\n\n\n<p>7.45 p.m. | Discussion with representatives of the creative industries<\/p>\n\n\n\n<p>8:15 p.m. | Networking, ends around 10:00 p.m<\/p>\n\n\n\n<p>Moderator: Claudio Montanini<\/p>","protected":false},"excerpt":{"rendered":"<p>&#8222;Die Welt neu denken.&#8220; Paradigmenwechsel in Werbung, Design und Lifestyle. Live-Veranstaltung im House of Creativity and Innovation Frankfurt (HOCI) | 22.12.2022 Keynote: Ulrich Klenke, Chief Brand Officer Deutsche Telekom AG Die Welt ver\u00e4ndert sich. M\u00e4rkte ver\u00e4ndern sich. Technologien ver\u00e4ndern sich. Die Kreativwirtschaft hat jetzt die Chance, eine neue Rolle im Wertsch\u00f6pfungsprozess der Wirtschaft zu \u00fcbernehmen. [&hellip;]<\/p>\n","protected":false},"author":4,"featured_media":3709,"comment_status":"open","ping_status":"open","sticky":false,"template":"","format":"standard","meta":{"_acf_changed":false,"footnotes":""},"categories":[16],"tags":[],"class_list":["post-3705","post","type-post","status-publish","format-standard","has-post-thumbnail","hentry","category-branche"],"acf":[],"_links":{"self":[{"href":"https:\/\/www.isdv.net\/en\/wp-json\/wp\/v2\/posts\/3705","targetHints":{"allow":["GET"]}}],"collection":[{"href":"https:\/\/www.isdv.net\/en\/wp-json\/wp\/v2\/posts"}],"about":[{"href":"https:\/\/www.isdv.net\/en\/wp-json\/wp\/v2\/types\/post"}],"author":[{"embeddable":true,"href":"https:\/\/www.isdv.net\/en\/wp-json\/wp\/v2\/users\/4"}],"replies":[{"embeddable":true,"href":"https:\/\/www.isdv.net\/en\/wp-json\/wp\/v2\/comments?post=3705"}],"version-history":[{"count":0,"href":"https:\/\/www.isdv.net\/en\/wp-json\/wp\/v2\/posts\/3705\/revisions"}],"wp:featuredmedia":[{"embeddable":true,"href":"https:\/\/www.isdv.net\/en\/wp-json\/wp\/v2\/media\/3709"}],"wp:attachment":[{"href":"https:\/\/www.isdv.net\/en\/wp-json\/wp\/v2\/media?parent=3705"}],"wp:term":[{"taxonomy":"category","embeddable":true,"href":"https:\/\/www.isdv.net\/en\/wp-json\/wp\/v2\/categories?post=3705"},{"taxonomy":"post_tag","embeddable":true,"href":"https:\/\/www.isdv.net\/en\/wp-json\/wp\/v2\/tags?post=3705"}],"curies":[{"name":"wp","href":"https:\/\/api.w.org\/{rel}","templated":true}]}}