{"id":3661,"date":"2022-09-19T09:51:00","date_gmt":"2022-09-19T09:51:00","guid":{"rendered":"https:\/\/www.isdv.net\/?p=3661"},"modified":"2023-01-23T11:43:43","modified_gmt":"2023-01-23T11:43:43","slug":"creative-week-frankfurt","status":"publish","type":"post","link":"https:\/\/www.isdv.net\/en\/creative-week-frankfurt\/","title":{"rendered":"Creative Week Frankfurt"},"content":{"rendered":"\n<p>Nach zwei Jahren Pause findet in diesem Jahr endlich die Creative Week Frankfurt wieder statt.<\/p>\n\n\n\n<p>Vom 26.-30.09.2022 \u00f6ffnet das nagelneue &#8222;House of Creativity and Innovation&#8220; (HOCI) in Frankfurt am Main daf\u00fcr seine Pforten.<\/p>\n\n\n\n<p>Sei dabei, rede mit, informiere Dich, schau \u00fcber den eigenen Tellerrand.<\/p>\n\n\n\n<p>Das Programm und Infos zu den Speakern findest Du unter <a href=\"https:\/\/www.creative-week-frankfurt.de\/?fbclid=IwAR1wAsOZVLGW8Tj0UEmvZPGaOtggzjP3IEE9mAKtKufzapz3k4xxkCxIcjc\" rel=\"noreferrer noopener\" target=\"_blank\">https:\/\/www.creative-week-frankfurt.de\/<\/a><\/p>\n\n\n\n<p><a href=\"https:\/\/www.facebook.com\/hashtag\/isdv?__eep__=6&amp;__cft__[0]=AZUPefSgv7fGMnfQeqD7stCHEZrjh0Tbgk8uVInLb7TsOm0Ap3stHV1I8jnpyC8hfbhHIBAli8H_D69Mt92F5MuinOWiZZyKfzsOEdZoYgh_glfj06VLMOjN8AiI8ImnqjkE3tg-UOSkubdA1ojetXXJ3EWqzgod7hiu51veIKUf9oy4039BIw8pUATXTqV22sHgz-hGBTvhSHmKgX9z4HdQ&amp;__tn__=*NK-R\" target=\"_blank\" rel=\"noopener\">#isdv<\/a><a href=\"https:\/\/www.facebook.com\/hashtag\/wirgemeinsamjetzt?__eep__=6&amp;__cft__[0]=AZUPefSgv7fGMnfQeqD7stCHEZrjh0Tbgk8uVInLb7TsOm0Ap3stHV1I8jnpyC8hfbhHIBAli8H_D69Mt92F5MuinOWiZZyKfzsOEdZoYgh_glfj06VLMOjN8AiI8ImnqjkE3tg-UOSkubdA1ojetXXJ3EWqzgod7hiu51veIKUf9oy4039BIw8pUATXTqV22sHgz-hGBTvhSHmKgX9z4HdQ&amp;__tn__=*NK-R\" target=\"_blank\" rel=\"noopener\"> <\/a><a href=\"https:\/\/www.facebook.com\/hashtag\/wirgemeinsamjetzt?__eep__=6&amp;__cft__[0]=AZUPefSgv7fGMnfQeqD7stCHEZrjh0Tbgk8uVInLb7TsOm0Ap3stHV1I8jnpyC8hfbhHIBAli8H_D69Mt92F5MuinOWiZZyKfzsOEdZoYgh_glfj06VLMOjN8AiI8ImnqjkE3tg-UOSkubdA1ojetXXJ3EWqzgod7hiu51veIKUf9oy4039BIw8pUATXTqV22sHgz-hGBTvhSHmKgX9z4HdQ&amp;__tn__=*NK-R\" target=\"_blank\" rel=\"noopener\">#wirGemeinsamJetzt<\/a><a href=\"https:\/\/www.facebook.com\/hashtag\/cwf22?__eep__=6&amp;__cft__[0]=AZUPefSgv7fGMnfQeqD7stCHEZrjh0Tbgk8uVInLb7TsOm0Ap3stHV1I8jnpyC8hfbhHIBAli8H_D69Mt92F5MuinOWiZZyKfzsOEdZoYgh_glfj06VLMOjN8AiI8ImnqjkE3tg-UOSkubdA1ojetXXJ3EWqzgod7hiu51veIKUf9oy4039BIw8pUATXTqV22sHgz-hGBTvhSHmKgX9z4HdQ&amp;__tn__=*NK-R\" target=\"_blank\" rel=\"noopener\"> <\/a><a href=\"https:\/\/www.facebook.com\/hashtag\/cwf22?__eep__=6&amp;__cft__[0]=AZUPefSgv7fGMnfQeqD7stCHEZrjh0Tbgk8uVInLb7TsOm0Ap3stHV1I8jnpyC8hfbhHIBAli8H_D69Mt92F5MuinOWiZZyKfzsOEdZoYgh_glfj06VLMOjN8AiI8ImnqjkE3tg-UOSkubdA1ojetXXJ3EWqzgod7hiu51veIKUf9oy4039BIw8pUATXTqV22sHgz-hGBTvhSHmKgX9z4HdQ&amp;__tn__=*NK-R\" target=\"_blank\" rel=\"noopener\">#CWF22<\/a><a href=\"https:\/\/www.facebook.com\/hashtag\/hoci?__eep__=6&amp;__cft__[0]=AZUPefSgv7fGMnfQeqD7stCHEZrjh0Tbgk8uVInLb7TsOm0Ap3stHV1I8jnpyC8hfbhHIBAli8H_D69Mt92F5MuinOWiZZyKfzsOEdZoYgh_glfj06VLMOjN8AiI8ImnqjkE3tg-UOSkubdA1ojetXXJ3EWqzgod7hiu51veIKUf9oy4039BIw8pUATXTqV22sHgz-hGBTvhSHmKgX9z4HdQ&amp;__tn__=*NK-R\" target=\"_blank\" rel=\"noopener\"> <\/a><a href=\"https:\/\/www.facebook.com\/hashtag\/hoci?__eep__=6&amp;__cft__[0]=AZUPefSgv7fGMnfQeqD7stCHEZrjh0Tbgk8uVInLb7TsOm0Ap3stHV1I8jnpyC8hfbhHIBAli8H_D69Mt92F5MuinOWiZZyKfzsOEdZoYgh_glfj06VLMOjN8AiI8ImnqjkE3tg-UOSkubdA1ojetXXJ3EWqzgod7hiu51veIKUf9oy4039BIw8pUATXTqV22sHgz-hGBTvhSHmKgX9z4HdQ&amp;__tn__=*NK-R\" target=\"_blank\" rel=\"noopener\">#HOCI<\/a><a href=\"https:\/\/www.facebook.com\/hashtag\/cluk?__eep__=6&amp;__cft__[0]=AZUPefSgv7fGMnfQeqD7stCHEZrjh0Tbgk8uVInLb7TsOm0Ap3stHV1I8jnpyC8hfbhHIBAli8H_D69Mt92F5MuinOWiZZyKfzsOEdZoYgh_glfj06VLMOjN8AiI8ImnqjkE3tg-UOSkubdA1ojetXXJ3EWqzgod7hiu51veIKUf9oy4039BIw8pUATXTqV22sHgz-hGBTvhSHmKgX9z4HdQ&amp;__tn__=*NK-R\" target=\"_blank\" rel=\"noopener\"> <\/a><a href=\"https:\/\/www.facebook.com\/hashtag\/cluk?__eep__=6&amp;__cft__[0]=AZUPefSgv7fGMnfQeqD7stCHEZrjh0Tbgk8uVInLb7TsOm0Ap3stHV1I8jnpyC8hfbhHIBAli8H_D69Mt92F5MuinOWiZZyKfzsOEdZoYgh_glfj06VLMOjN8AiI8ImnqjkE3tg-UOSkubdA1ojetXXJ3EWqzgod7hiu51veIKUf9oy4039BIw8pUATXTqV22sHgz-hGBTvhSHmKgX9z4HdQ&amp;__tn__=*NK-R\" target=\"_blank\" rel=\"noopener\">#cluk<\/a><a href=\"https:\/\/www.facebook.com\/hashtag\/frankfurt?__eep__=6&amp;__cft__[0]=AZUPefSgv7fGMnfQeqD7stCHEZrjh0Tbgk8uVInLb7TsOm0Ap3stHV1I8jnpyC8hfbhHIBAli8H_D69Mt92F5MuinOWiZZyKfzsOEdZoYgh_glfj06VLMOjN8AiI8ImnqjkE3tg-UOSkubdA1ojetXXJ3EWqzgod7hiu51veIKUf9oy4039BIw8pUATXTqV22sHgz-hGBTvhSHmKgX9z4HdQ&amp;__tn__=*NK-R\" target=\"_blank\" rel=\"noopener\"> <\/a><a href=\"https:\/\/www.facebook.com\/hashtag\/frankfurt?__eep__=6&amp;__cft__[0]=AZUPefSgv7fGMnfQeqD7stCHEZrjh0Tbgk8uVInLb7TsOm0Ap3stHV1I8jnpyC8hfbhHIBAli8H_D69Mt92F5MuinOWiZZyKfzsOEdZoYgh_glfj06VLMOjN8AiI8ImnqjkE3tg-UOSkubdA1ojetXXJ3EWqzgod7hiu51veIKUf9oy4039BIw8pUATXTqV22sHgz-hGBTvhSHmKgX9z4HdQ&amp;__tn__=*NK-R\" target=\"_blank\" rel=\"noopener\">#Frankfurt<\/a><\/p>\n","protected":false},"excerpt":{"rendered":"<p>Nach zwei Jahren Pause findet in diesem Jahr endlich die Creative Week Frankfurt wieder statt. Vom 26.-30.09.2022 \u00f6ffnet das nagelneue &#8222;House of Creativity and Innovation&#8220; (HOCI) in Frankfurt am Main daf\u00fcr seine Pforten. Sei dabei, rede mit, informiere Dich, schau \u00fcber den eigenen Tellerrand. Das Programm und Infos zu den Speakern findest Du unter https:\/\/www.creative-week-frankfurt.de\/ [&hellip;]<\/p>\n","protected":false},"author":4,"featured_media":3662,"comment_status":"open","ping_status":"open","sticky":false,"template":"","format":"standard","meta":{"_acf_changed":false,"footnotes":""},"categories":[16],"tags":[],"class_list":["post-3661","post","type-post","status-publish","format-standard","has-post-thumbnail","hentry","category-branche"],"acf":[],"_links":{"self":[{"href":"https:\/\/www.isdv.net\/en\/wp-json\/wp\/v2\/posts\/3661","targetHints":{"allow":["GET"]}}],"collection":[{"href":"https:\/\/www.isdv.net\/en\/wp-json\/wp\/v2\/posts"}],"about":[{"href":"https:\/\/www.isdv.net\/en\/wp-json\/wp\/v2\/types\/post"}],"author":[{"embeddable":true,"href":"https:\/\/www.isdv.net\/en\/wp-json\/wp\/v2\/users\/4"}],"replies":[{"embeddable":true,"href":"https:\/\/www.isdv.net\/en\/wp-json\/wp\/v2\/comments?post=3661"}],"version-history":[{"count":0,"href":"https:\/\/www.isdv.net\/en\/wp-json\/wp\/v2\/posts\/3661\/revisions"}],"wp:featuredmedia":[{"embeddable":true,"href":"https:\/\/www.isdv.net\/en\/wp-json\/wp\/v2\/media\/3662"}],"wp:attachment":[{"href":"https:\/\/www.isdv.net\/en\/wp-json\/wp\/v2\/media?parent=3661"}],"wp:term":[{"taxonomy":"category","embeddable":true,"href":"https:\/\/www.isdv.net\/en\/wp-json\/wp\/v2\/categories?post=3661"},{"taxonomy":"post_tag","embeddable":true,"href":"https:\/\/www.isdv.net\/en\/wp-json\/wp\/v2\/tags?post=3661"}],"curies":[{"name":"wp","href":"https:\/\/api.w.org\/{rel}","templated":true}]}}