{"id":3658,"date":"2022-09-16T09:50:00","date_gmt":"2022-09-16T09:50:00","guid":{"rendered":"https:\/\/www.isdv.net\/?p=3658"},"modified":"2023-01-23T11:43:58","modified_gmt":"2023-01-23T11:43:58","slug":"reeperbahnfestival-2022","status":"publish","type":"post","link":"https:\/\/www.isdv.net\/en\/reeperbahnfestival-2022\/","title":{"rendered":"Reeperbahn Festival 2022"},"content":{"rendered":"\n<p>Panel: &#8222;It\u00b4s not only Rock`n`Roll.&#8220;<\/p>\n\n\n\n<p>Ilona Jarabek, Pr\u00e4sidentin, EVVC e.V.<\/p>\n\n\n\n<p>Linda Residovic, Gesch\u00e4ftsf\u00fchrerin, VPLT e.V.<\/p>\n\n\n\n<p><a><\/a>Prof. Jens Michow, Gesch\u00e4ftsf\u00fchrender Pr\u00e4sident, BDKV e.V.<\/p>\n\n\n\n<p>Marcus Pohl, 1. Vorsitzender, isdv e.V.<\/p>\n\n\n\n<p>diskutieren am 23.09.22 um 14:15 h in Angie\u00b4s Nightclub, Spielbudenplatz 27, die Frage, wie wir zuk\u00fcnftig mit Personal und Dienstleistern umgehen und was wir \u00e4ndern k\u00f6nnen, damit sich mehr Menschen f\u00fcr einen Job in der Veranstaltungswirtschaft begeistern?<\/p>\n\n\n\n<p>Sei dabei auf dem Reeperbahnfestival vom 21.-24.09.22.<\/p>\n\n\n\n<p><a href=\"https:\/\/www.reeperbahnfestival.com\/...\/its-not-only...\" target=\"_blank\" rel=\"noopener\">https:\/\/www.reeperbahnfestival.com\/&#8230;\/its-not-only&#8230;<\/a><\/p>\n\n\n\n<p><a href=\"https:\/\/www.facebook.com\/hashtag\/isdv?__eep__=6&amp;__cft__[0]=AZVszs9EyCCbcYW1foM4Qy7gzCJjATCzXDXWiXTjoCmhps2_BebcWwFbBQOSQ7wT2kN_xEQp17WKj5ngdiAbq0sGSw3OgAKlJZvp4VZCxj9IJirv0Vq9NDv_x-Gs3LLvQmfnPt_rp7b3AC15jDkDF5uDRNy8X5bMrcgPdSsaqg6U7JyU5plO_Vl9PRo6Cy8Qcv0kKaJg-EDqXyepxj2gOYhV&amp;__tn__=*NK-R\" target=\"_blank\" rel=\"noopener\">#isdv<\/a><a href=\"https:\/\/www.facebook.com\/hashtag\/forumveranstaltungswirtschaft?__eep__=6&amp;__cft__[0]=AZVszs9EyCCbcYW1foM4Qy7gzCJjATCzXDXWiXTjoCmhps2_BebcWwFbBQOSQ7wT2kN_xEQp17WKj5ngdiAbq0sGSw3OgAKlJZvp4VZCxj9IJirv0Vq9NDv_x-Gs3LLvQmfnPt_rp7b3AC15jDkDF5uDRNy8X5bMrcgPdSsaqg6U7JyU5plO_Vl9PRo6Cy8Qcv0kKaJg-EDqXyepxj2gOYhV&amp;__tn__=*NK-R\" target=\"_blank\" rel=\"noopener\"> <\/a><a href=\"https:\/\/www.facebook.com\/hashtag\/forumveranstaltungswirtschaft?__eep__=6&amp;__cft__[0]=AZVszs9EyCCbcYW1foM4Qy7gzCJjATCzXDXWiXTjoCmhps2_BebcWwFbBQOSQ7wT2kN_xEQp17WKj5ngdiAbq0sGSw3OgAKlJZvp4VZCxj9IJirv0Vq9NDv_x-Gs3LLvQmfnPt_rp7b3AC15jDkDF5uDRNy8X5bMrcgPdSsaqg6U7JyU5plO_Vl9PRo6Cy8Qcv0kKaJg-EDqXyepxj2gOYhV&amp;__tn__=*NK-R\" target=\"_blank\" rel=\"noopener\">#ForumVeranstaltungswirtschaft<\/a><a href=\"https:\/\/www.facebook.com\/hashtag\/reeperbahnfestival?__eep__=6&amp;__cft__[0]=AZVszs9EyCCbcYW1foM4Qy7gzCJjATCzXDXWiXTjoCmhps2_BebcWwFbBQOSQ7wT2kN_xEQp17WKj5ngdiAbq0sGSw3OgAKlJZvp4VZCxj9IJirv0Vq9NDv_x-Gs3LLvQmfnPt_rp7b3AC15jDkDF5uDRNy8X5bMrcgPdSsaqg6U7JyU5plO_Vl9PRo6Cy8Qcv0kKaJg-EDqXyepxj2gOYhV&amp;__tn__=*NK-R\" target=\"_blank\" rel=\"noopener\"> <\/a><a href=\"https:\/\/www.facebook.com\/hashtag\/reeperbahnfestival?__eep__=6&amp;__cft__[0]=AZVszs9EyCCbcYW1foM4Qy7gzCJjATCzXDXWiXTjoCmhps2_BebcWwFbBQOSQ7wT2kN_xEQp17WKj5ngdiAbq0sGSw3OgAKlJZvp4VZCxj9IJirv0Vq9NDv_x-Gs3LLvQmfnPt_rp7b3AC15jDkDF5uDRNy8X5bMrcgPdSsaqg6U7JyU5plO_Vl9PRo6Cy8Qcv0kKaJg-EDqXyepxj2gOYhV&amp;__tn__=*NK-R\" target=\"_blank\" rel=\"noopener\">#Reeperbahnfestival<\/a><a href=\"https:\/\/www.facebook.com\/hashtag\/wirgemeinsamjetzt?__eep__=6&amp;__cft__[0]=AZVszs9EyCCbcYW1foM4Qy7gzCJjATCzXDXWiXTjoCmhps2_BebcWwFbBQOSQ7wT2kN_xEQp17WKj5ngdiAbq0sGSw3OgAKlJZvp4VZCxj9IJirv0Vq9NDv_x-Gs3LLvQmfnPt_rp7b3AC15jDkDF5uDRNy8X5bMrcgPdSsaqg6U7JyU5plO_Vl9PRo6Cy8Qcv0kKaJg-EDqXyepxj2gOYhV&amp;__tn__=*NK-R\" target=\"_blank\" rel=\"noopener\"> <\/a><a href=\"https:\/\/www.facebook.com\/hashtag\/wirgemeinsamjetzt?__eep__=6&amp;__cft__[0]=AZVszs9EyCCbcYW1foM4Qy7gzCJjATCzXDXWiXTjoCmhps2_BebcWwFbBQOSQ7wT2kN_xEQp17WKj5ngdiAbq0sGSw3OgAKlJZvp4VZCxj9IJirv0Vq9NDv_x-Gs3LLvQmfnPt_rp7b3AC15jDkDF5uDRNy8X5bMrcgPdSsaqg6U7JyU5plO_Vl9PRo6Cy8Qcv0kKaJg-EDqXyepxj2gOYhV&amp;__tn__=*NK-R\" target=\"_blank\" rel=\"noopener\">#WirGemeinsamJetzt<\/a><\/p>\n","protected":false},"excerpt":{"rendered":"<p>Panel: &#8222;It\u00b4s not only Rock`n`Roll.&#8220; Ilona Jarabek, Pr\u00e4sidentin, EVVC e.V. Linda Residovic, Gesch\u00e4ftsf\u00fchrerin, VPLT e.V. Prof. Jens Michow, Gesch\u00e4ftsf\u00fchrender Pr\u00e4sident, BDKV e.V. Marcus Pohl, 1. Vorsitzender, isdv e.V. diskutieren am 23.09.22 um 14:15 h in Angie\u00b4s Nightclub, Spielbudenplatz 27, die Frage, wie wir zuk\u00fcnftig mit Personal und Dienstleistern umgehen und was wir \u00e4ndern k\u00f6nnen, damit [&hellip;]<\/p>\n","protected":false},"author":4,"featured_media":3659,"comment_status":"open","ping_status":"open","sticky":false,"template":"","format":"standard","meta":{"_acf_changed":false,"footnotes":""},"categories":[16],"tags":[],"class_list":["post-3658","post","type-post","status-publish","format-standard","has-post-thumbnail","hentry","category-branche"],"acf":[],"_links":{"self":[{"href":"https:\/\/www.isdv.net\/en\/wp-json\/wp\/v2\/posts\/3658","targetHints":{"allow":["GET"]}}],"collection":[{"href":"https:\/\/www.isdv.net\/en\/wp-json\/wp\/v2\/posts"}],"about":[{"href":"https:\/\/www.isdv.net\/en\/wp-json\/wp\/v2\/types\/post"}],"author":[{"embeddable":true,"href":"https:\/\/www.isdv.net\/en\/wp-json\/wp\/v2\/users\/4"}],"replies":[{"embeddable":true,"href":"https:\/\/www.isdv.net\/en\/wp-json\/wp\/v2\/comments?post=3658"}],"version-history":[{"count":0,"href":"https:\/\/www.isdv.net\/en\/wp-json\/wp\/v2\/posts\/3658\/revisions"}],"wp:featuredmedia":[{"embeddable":true,"href":"https:\/\/www.isdv.net\/en\/wp-json\/wp\/v2\/media\/3659"}],"wp:attachment":[{"href":"https:\/\/www.isdv.net\/en\/wp-json\/wp\/v2\/media?parent=3658"}],"wp:term":[{"taxonomy":"category","embeddable":true,"href":"https:\/\/www.isdv.net\/en\/wp-json\/wp\/v2\/categories?post=3658"},{"taxonomy":"post_tag","embeddable":true,"href":"https:\/\/www.isdv.net\/en\/wp-json\/wp\/v2\/tags?post=3658"}],"curies":[{"name":"wp","href":"https:\/\/api.w.org\/{rel}","templated":true}]}}