{"id":3646,"date":"2022-09-01T09:44:00","date_gmt":"2022-09-01T09:44:00","guid":{"rendered":"https:\/\/www.isdv.net\/?p=3646"},"modified":"2023-01-23T11:45:28","modified_gmt":"2023-01-23T11:45:28","slug":"isdv-vor-ort-livekomm","status":"publish","type":"post","link":"https:\/\/www.isdv.net\/en\/isdv-vor-ort-livekomm\/","title":{"rendered":"isdv vor Ort: LiveKomm"},"content":{"rendered":"<p>Heute ist die isdv auf der Stadt-nach-acht-Konferenz der LiveKomm in Dortmund.<\/p>\n\n\n\n<p>Es geht um Clubkultur, Zukunft der Clubs, Wiederbelebung der Innenst\u00e4dte, Abgabenlasten, B\u00fcrokratie, Arbeitskr\u00e4fte, Selbst\u00e4ndige, Entgelte und vieles mehr.<\/p>\n\n\n\n<p>Ein volles Programm. Die \u00dcbersicht findet ihr hier:<\/p>\n\n\n\n<figure class=\"wp-block-embed is-type-wp-embed is-provider-stadt-nach-acht-2022 wp-block-embed-stadt-nach-acht-2022\"><div class=\"wp-block-embed__wrapper\">\n<blockquote class=\"wp-embedded-content\" data-secret=\"Q9pTIWG3fd\"><a href=\"https:\/\/2022.stadt-nach-acht.de\/schedule-2\/\" target=\"_blank\" rel=\"noopener\">Schedule<\/a><\/blockquote><iframe class=\"wp-embedded-content\" sandbox=\"allow-scripts\" security=\"restricted\" style=\"position: absolute; clip: rect(1px, 1px, 1px, 1px);\" title=\"&#8222;Schedule&#8220; &#8212; Stadt Nach Acht 2022\" src=\"https:\/\/2022.stadt-nach-acht.de\/schedule-2\/embed\/#?secret=VThMgVAeie#?secret=Q9pTIWG3fd\" data-secret=\"Q9pTIWG3fd\" width=\"600\" height=\"338\" frameborder=\"0\" marginwidth=\"0\" marginheight=\"0\" scrolling=\"no\"><\/iframe>\n<\/div><\/figure>\n\n\n\n<p>Eine kurzfristige Teilnahme ist nat\u00fcrlich noch m\u00f6glich.<\/p>","protected":false},"excerpt":{"rendered":"<p>Heute ist die isdv auf der Stadt-nach-acht-Konferenz der LiveKomm in Dortmund. Es geht um Clubkultur, Zukunft der Clubs, Wiederbelebung der Innenst\u00e4dte, Abgabenlasten, B\u00fcrokratie, Arbeitskr\u00e4fte, Selbst\u00e4ndige, Entgelte und vieles mehr. Ein volles Programm. Die \u00dcbersicht findet ihr hier: Eine kurzfristige Teilnahme ist nat\u00fcrlich noch m\u00f6glich.<\/p>","protected":false},"author":4,"featured_media":3647,"comment_status":"open","ping_status":"open","sticky":false,"template":"","format":"standard","meta":{"_acf_changed":false,"footnotes":""},"categories":[16],"tags":[],"class_list":["post-3646","post","type-post","status-publish","format-standard","has-post-thumbnail","hentry","category-branche"],"acf":[],"_links":{"self":[{"href":"https:\/\/www.isdv.net\/en\/wp-json\/wp\/v2\/posts\/3646","targetHints":{"allow":["GET"]}}],"collection":[{"href":"https:\/\/www.isdv.net\/en\/wp-json\/wp\/v2\/posts"}],"about":[{"href":"https:\/\/www.isdv.net\/en\/wp-json\/wp\/v2\/types\/post"}],"author":[{"embeddable":true,"href":"https:\/\/www.isdv.net\/en\/wp-json\/wp\/v2\/users\/4"}],"replies":[{"embeddable":true,"href":"https:\/\/www.isdv.net\/en\/wp-json\/wp\/v2\/comments?post=3646"}],"version-history":[{"count":0,"href":"https:\/\/www.isdv.net\/en\/wp-json\/wp\/v2\/posts\/3646\/revisions"}],"wp:featuredmedia":[{"embeddable":true,"href":"https:\/\/www.isdv.net\/en\/wp-json\/wp\/v2\/media\/3647"}],"wp:attachment":[{"href":"https:\/\/www.isdv.net\/en\/wp-json\/wp\/v2\/media?parent=3646"}],"wp:term":[{"taxonomy":"category","embeddable":true,"href":"https:\/\/www.isdv.net\/en\/wp-json\/wp\/v2\/categories?post=3646"},{"taxonomy":"post_tag","embeddable":true,"href":"https:\/\/www.isdv.net\/en\/wp-json\/wp\/v2\/tags?post=3646"}],"curies":[{"name":"wp","href":"https:\/\/api.w.org\/{rel}","templated":true}]}}