{"id":2722,"date":"2021-10-06T00:00:00","date_gmt":"2021-10-06T00:00:00","guid":{"rendered":"https:\/\/www.isdv.net\/vorstandswahl-zur-11-mitgliederversammlung-des-isdv-e-v\/"},"modified":"2023-02-27T09:29:32","modified_gmt":"2023-02-27T09:29:32","slug":"vorstandswahl-zur-11-mitgliederversammlung-des-isdv-e-v","status":"publish","type":"post","link":"https:\/\/www.isdv.net\/en\/vorstandswahl-zur-11-mitgliederversammlung-des-isdv-e-v\/","title":{"rendered":"Board election at the 11th general meeting of isdv eV"},"content":{"rendered":"<p><span class=\"\">We would like to thank our members for the trust they have placed in us and for their re-election. We are pleased to welcome Marc St\u00e4hly as a new board member.<\/span><\/p>\n<p><span class=\"\">After the general meeting we were in retreat for 2 days and used the time to distribute the topics within the board and to define the tasks for the coming time.<\/span><\/p>\n<p>1st chairman: Marcus Pohl, 2nd chairman: Basty Duellmann, treasurer: Merten Wagnitz, other board members: Susanne Fritzsch, Jenny Pohl, Martin Herrmann and Marc St\u00e4hly<\/p>\n<p><a class=\"xil3i\" tabindex=\"0\" href=\"https:\/\/www.instagram.com\/explore\/tags\/wirgemeinsamjetzt\/\" target=\"_blank\" rel=\"noopener\">#wetogethernow<\/a> <a class=\"xil3i\" tabindex=\"0\" href=\"https:\/\/www.instagram.com\/explore\/tags\/isdv\/\" target=\"_blank\" rel=\"noopener\">#isdv<\/a> <a class=\"xil3i\" tabindex=\"0\" href=\"https:\/\/www.instagram.com\/explore\/tags\/isdvev\/\" target=\"_blank\" rel=\"noopener\">#isdvev<\/a> <a class=\"xil3i\" tabindex=\"0\" href=\"https:\/\/www.instagram.com\/explore\/tags\/selbst\u00e4ndigkeit\/\" target=\"_blank\" rel=\"noopener\">#independence<\/a> <a class=\"xil3i\" tabindex=\"0\" href=\"https:\/\/www.instagram.com\/explore\/tags\/veranstaltungswirtschaft\/\" target=\"_blank\" rel=\"noopener\"># event economy<\/a><\/p>\n<p>&#8222;<\/p>","protected":false},"excerpt":{"rendered":"<p>Wir bedanken uns bei unseren Mitgliedern f\u00fcr das entgegengebrachte Vertrauen und die Wiederwahl. Wir freuen uns, Marc St\u00e4hly als neues Vorstandsmitglied begr\u00fc\u00dfen zu d\u00fcrfen. Nach der Mitgliederversammlung waren wir 2 Tage in Klausur und haben die Zeit genutzt, die Themenfelder innerhalb des Vorstandes zu verteilen und die Aufgaben f\u00fcr die kommende Zeit zu definieren. 1.Vorsitzender: [&hellip;]<\/p>\n","protected":false},"author":4,"featured_media":2723,"comment_status":"closed","ping_status":"open","sticky":false,"template":"","format":"standard","meta":{"_acf_changed":false,"footnotes":""},"categories":[16,17],"tags":[],"class_list":["post-2722","post","type-post","status-publish","format-standard","has-post-thumbnail","hentry","category-branche","category-selbststaendigkeit"],"acf":[],"_links":{"self":[{"href":"https:\/\/www.isdv.net\/en\/wp-json\/wp\/v2\/posts\/2722","targetHints":{"allow":["GET"]}}],"collection":[{"href":"https:\/\/www.isdv.net\/en\/wp-json\/wp\/v2\/posts"}],"about":[{"href":"https:\/\/www.isdv.net\/en\/wp-json\/wp\/v2\/types\/post"}],"author":[{"embeddable":true,"href":"https:\/\/www.isdv.net\/en\/wp-json\/wp\/v2\/users\/4"}],"replies":[{"embeddable":true,"href":"https:\/\/www.isdv.net\/en\/wp-json\/wp\/v2\/comments?post=2722"}],"version-history":[{"count":0,"href":"https:\/\/www.isdv.net\/en\/wp-json\/wp\/v2\/posts\/2722\/revisions"}],"wp:featuredmedia":[{"embeddable":true,"href":"https:\/\/www.isdv.net\/en\/wp-json\/wp\/v2\/media\/2723"}],"wp:attachment":[{"href":"https:\/\/www.isdv.net\/en\/wp-json\/wp\/v2\/media?parent=2722"}],"wp:term":[{"taxonomy":"category","embeddable":true,"href":"https:\/\/www.isdv.net\/en\/wp-json\/wp\/v2\/categories?post=2722"},{"taxonomy":"post_tag","embeddable":true,"href":"https:\/\/www.isdv.net\/en\/wp-json\/wp\/v2\/tags?post=2722"}],"curies":[{"name":"wp","href":"https:\/\/api.w.org\/{rel}","templated":true}]}}