{"id":2631,"date":"2021-03-30T00:00:00","date_gmt":"2021-03-30T00:00:00","guid":{"rendered":"https:\/\/www.isdv.net\/isdv-vor-ort-forum-veranstaltungswirtschaft-trifft-ifo-institut\/"},"modified":"2023-02-27T09:18:42","modified_gmt":"2023-02-27T09:18:42","slug":"isdv-vor-ort-forum-veranstaltungswirtschaft-trifft-ifo-institut","status":"publish","type":"post","link":"https:\/\/www.isdv.net\/en\/isdv-vor-ort-forum-veranstaltungswirtschaft-trifft-ifo-institut\/","title":{"rendered":"isdv on site: Forum Event Management meets ifo Institute"},"content":{"rendered":"<p data-pm-slice=\"1 1 []\">The event management forum met with Mr. Wohlrabe from the ifo-Institut digital on Monday and discussed what the ifo needs to record the event management as a separate branch of the economy.<\/p>\n<p>At the end of the conversation, a draft was on the table. This is now being checked again at the ifo Institute. Other industry associations are also involved. If the test is positive, a first test balloon could be launched as early as April and in May the ifo Institute could present the event industry as an aggregate and possibly also start an event industry index similar to Bitcom&#039;s digital index in the future.<\/p>\n<p>That depends very much on the will and zeal of the participating companies. Unfortunately, only companies with five or more employees are surveyed. But there will soon be a solution for this in a cross-industry context.<\/p>\n<p>On the results of <a class=\"ProsemirrorEditor-link\" href=\"https:\/\/www.zaehl-dazu.de\" target=\"_blank\" rel=\"noopener\">www.zaehl-dazu.de<\/a> Mr. Wohlrabe is already very interested.<\/p>\n<p>&#8222;<\/p>","protected":false},"excerpt":{"rendered":"<p>Das Forum Veranstaltungswirtschaft hat sich am Montag mit Herrn Wohlrabe vom ifo-Institut digital getroffen und er\u00f6rtert, was das ifo ben\u00f6tigt, um die Veranstaltungswirtschaft als eigenen Wirtschaftszweig zu erfassen. Am Ende des Gespr\u00e4ches lag ein Entwurf auf dem Tisch. Dieser wird nun im ifo-Institut nochmals gepr\u00fcft. Ebenso werden weitere Verb\u00e4nde der Branche involviert. Sollte die Pr\u00fcfung [&hellip;]<\/p>\n","protected":false},"author":4,"featured_media":0,"comment_status":"closed","ping_status":"open","sticky":false,"template":"","format":"standard","meta":{"_acf_changed":false,"footnotes":""},"categories":[16,15,17],"tags":[],"class_list":["post-2631","post","type-post","status-publish","format-standard","hentry","category-branche","category-politik","category-selbststaendigkeit"],"acf":[],"_links":{"self":[{"href":"https:\/\/www.isdv.net\/en\/wp-json\/wp\/v2\/posts\/2631","targetHints":{"allow":["GET"]}}],"collection":[{"href":"https:\/\/www.isdv.net\/en\/wp-json\/wp\/v2\/posts"}],"about":[{"href":"https:\/\/www.isdv.net\/en\/wp-json\/wp\/v2\/types\/post"}],"author":[{"embeddable":true,"href":"https:\/\/www.isdv.net\/en\/wp-json\/wp\/v2\/users\/4"}],"replies":[{"embeddable":true,"href":"https:\/\/www.isdv.net\/en\/wp-json\/wp\/v2\/comments?post=2631"}],"version-history":[{"count":0,"href":"https:\/\/www.isdv.net\/en\/wp-json\/wp\/v2\/posts\/2631\/revisions"}],"wp:attachment":[{"href":"https:\/\/www.isdv.net\/en\/wp-json\/wp\/v2\/media?parent=2631"}],"wp:term":[{"taxonomy":"category","embeddable":true,"href":"https:\/\/www.isdv.net\/en\/wp-json\/wp\/v2\/categories?post=2631"},{"taxonomy":"post_tag","embeddable":true,"href":"https:\/\/www.isdv.net\/en\/wp-json\/wp\/v2\/tags?post=2631"}],"curies":[{"name":"wp","href":"https:\/\/api.w.org\/{rel}","templated":true}]}}