{"id":2577,"date":"2020-12-23T00:00:00","date_gmt":"2020-12-23T00:00:00","guid":{"rendered":"https:\/\/www.isdv.net\/dezemberhilfe-online\/"},"modified":"2023-02-15T12:07:28","modified_gmt":"2023-02-15T12:07:28","slug":"dezemberhilfe-online","status":"publish","type":"post","link":"https:\/\/www.isdv.net\/en\/dezemberhilfe-online\/","title":{"rendered":"Dezemberhilfe online"},"content":{"rendered":"<div class=\"\" data-block=\"true\" data-editor=\"fo4ji\" data-offset-key=\"cet9j-0-0\">\n<div class=\"_1mf _1mj\" data-offset-key=\"cet9j-0-0\"><span data-offset-key=\"cet9j-0-0\"><strong>DEZEMBERHILFEN k\u00f6nnen ab sofort beantragt werden.<\/strong><\/span><\/div>\n<div class=\"_1mf _1mj\" data-offset-key=\"cet9j-0-0\"><\/div>\n<\/div>\n<div class=\"\" data-block=\"true\" data-editor=\"fo4ji\" data-offset-key=\"3tspd-0-0\">\n<div class=\"_1mf _1mj\" data-offset-key=\"3tspd-0-0\"><span data-offset-key=\"3tspd-0-0\"><span data-offset-key=\"3tspd-0-0\">Um 14:27 Uhr hat heute das BMWI die Freischaltung des Antragsportales f\u00fcr die Dezemberhilfe verk\u00fcndet.<\/span><\/span><\/div>\n<div data-offset-key=\"3tspd-0-0\"><\/div>\n<\/div>\n<div class=\"\" data-block=\"true\" data-editor=\"fo4ji\" data-offset-key=\"5tna0-0-0\">\n<div class=\"_1mf _1mj\" data-offset-key=\"5tna0-0-0\"><span class=\"py34i1dx\"><span class=\"py34i1dx\"><span data-offset-key=\"5tna0-0-0\"><a href=\"https:\/\/www.bmwi.de\/Redaktion\/DE\/Pressemitteilungen\/2020\/12\/20201223-antragstellung-fuer-ausserordentliche-wirtschaftshilfe-fuer-dezember-gestartet.html\" target=\"_blank\" rel=\"noopener\">https:\/\/www.bmwi.de\/Redaktion\/DE\/Pressemitteilungen\/2020\/12\/20201223-antragstellung-fuer-ausserordentliche-wirtschaftshilfe-fuer-dezember-gestartet.html<\/a><\/span><\/span><\/span><\/div>\n<div class=\"_1mf _1mj\" data-offset-key=\"5tna0-0-0\">\n<p>Die Regeln entsprechen soweit denen der Novemberhilfe. Die Abschlagszahlungen sind auf 50.000,00 EUR angehoben worden.<\/p>\n<\/div>\n<\/div>\n<div class=\"\" data-block=\"true\" data-editor=\"fo4ji\" data-offset-key=\"dpv14-0-0\">\n<div class=\"_1mf _1mj\" data-offset-key=\"dpv14-0-0\"><span data-offset-key=\"dpv14-0-0\">Bitte beachtet wieder genau die FAQ auf der zugeh\u00f6rigen Seite:<br \/>\n<\/span><\/div>\n<\/div>\n<div class=\"\" data-block=\"true\" data-editor=\"fo4ji\" data-offset-key=\"46ruh-0-0\">\n<div class=\"_1mf _1mj\" data-offset-key=\"46ruh-0-0\"><span class=\"py34i1dx\"><span data-offset-key=\"46ruh-0-0\"><a href=\"https:\/\/www.ueberbrueckungshilfe-unternehmen.de\/UBH\/Navigation\/DE\/Ausserordentliche-Wirtschaftshilfe\/ausserordentliche-wirtschaftshilfe.html\" target=\"_blank\" rel=\"noopener\">https:\/\/www.ueberbrueckungshilfe-unternehmen.de\/UBH\/Navigation\/DE\/Ausserordentliche-Wirtschaftshilfe\/ausserordentliche-wirtschaftshilfe.html<\/a><\/span><\/span><\/div>\n<div class=\"_1mf _1mj\" data-offset-key=\"46ruh-0-0\"><\/div>\n<div class=\"_1mf _1mj\" data-offset-key=\"46ruh-0-0\"><span class=\"py34i1dx\"><span data-offset-key=\"46ruh-0-0\">(Image source: <a href=\"http:\/\/www.ueberbrueckungshilfe-unternehmen.de\" target=\"_blank\" rel=\"noopener\">www.ueberbrueckungshilfe-unternehmen.de<\/a>)<\/span><\/span><\/div>\n<\/div>\n<p>&#8222;<\/p>","protected":false},"excerpt":{"rendered":"<p>DEZEMBERHILFEN k\u00f6nnen ab sofort beantragt werden. Um 14:27 Uhr hat heute das BMWI die Freischaltung des Antragsportales f\u00fcr die Dezemberhilfe verk\u00fcndet. https:\/\/www.bmwi.de\/Redaktion\/DE\/Pressemitteilungen\/2020\/12\/20201223-antragstellung-fuer-ausserordentliche-wirtschaftshilfe-fuer-dezember-gestartet.html Die Regeln entsprechen soweit denen der Novemberhilfe. Die Abschlagszahlungen sind auf 50.000,00 EUR angehoben worden. Bitte beachtet wieder genau die FAQ auf der zugeh\u00f6rigen Seite: https:\/\/www.ueberbrueckungshilfe-unternehmen.de\/UBH\/Navigation\/DE\/Ausserordentliche-Wirtschaftshilfe\/ausserordentliche-wirtschaftshilfe.html (Bildquelle: www.ueberbrueckungshilfe-unternehmen.de) &#8222;<\/p>","protected":false},"author":4,"featured_media":2578,"comment_status":"closed","ping_status":"open","sticky":false,"template":"","format":"standard","meta":{"_acf_changed":false,"footnotes":""},"categories":[16,15],"tags":[],"class_list":["post-2577","post","type-post","status-publish","format-standard","has-post-thumbnail","hentry","category-branche","category-politik"],"acf":[],"_links":{"self":[{"href":"https:\/\/www.isdv.net\/en\/wp-json\/wp\/v2\/posts\/2577","targetHints":{"allow":["GET"]}}],"collection":[{"href":"https:\/\/www.isdv.net\/en\/wp-json\/wp\/v2\/posts"}],"about":[{"href":"https:\/\/www.isdv.net\/en\/wp-json\/wp\/v2\/types\/post"}],"author":[{"embeddable":true,"href":"https:\/\/www.isdv.net\/en\/wp-json\/wp\/v2\/users\/4"}],"replies":[{"embeddable":true,"href":"https:\/\/www.isdv.net\/en\/wp-json\/wp\/v2\/comments?post=2577"}],"version-history":[{"count":0,"href":"https:\/\/www.isdv.net\/en\/wp-json\/wp\/v2\/posts\/2577\/revisions"}],"wp:featuredmedia":[{"embeddable":true,"href":"https:\/\/www.isdv.net\/en\/wp-json\/wp\/v2\/media\/2578"}],"wp:attachment":[{"href":"https:\/\/www.isdv.net\/en\/wp-json\/wp\/v2\/media?parent=2577"}],"wp:term":[{"taxonomy":"category","embeddable":true,"href":"https:\/\/www.isdv.net\/en\/wp-json\/wp\/v2\/categories?post=2577"},{"taxonomy":"post_tag","embeddable":true,"href":"https:\/\/www.isdv.net\/en\/wp-json\/wp\/v2\/tags?post=2577"}],"curies":[{"name":"wp","href":"https:\/\/api.w.org\/{rel}","templated":true}]}}