{"id":2568,"date":"2020-12-15T00:00:00","date_gmt":"2020-12-15T00:00:00","guid":{"rendered":"https:\/\/www.isdv.net\/cluk-vortrag\/"},"modified":"2022-11-08T20:49:15","modified_gmt":"2022-11-08T20:49:15","slug":"cluk-vortrag","status":"publish","type":"post","link":"https:\/\/www.isdv.net\/en\/cluk-vortrag\/","title":{"rendered":"CLUK lecture"},"content":{"rendered":"<p data-pm-slice=\"1 1 []\">In keeping with tradition, the CLUK.SALOON CHRISTMAS looks far ahead at the end of the year and provides suggestions for a new perspective for the creative economy, but also for society as a whole.<\/p>\n<p>We look forward to the lecture and the subsequent discussion online with the philosopher Anders Indset.<\/p>\n<p>The Cluster of Creative Industries in Hessen eV (CLUK) bundles the interests of all associations of the creative industries and wants to be the mouthpiece of the creative people in Hessen. Founded in 2011, CLUK currently consists of ten member associations. The ISDV is one of them.<\/p>\n<p>Register at any time \u2013 starting now: Simply enter your name and email address on the CLUK website (www.cluk.de) and you will be sent your personal invitation code. If you already have a code from a past event, it can be used again. Participation is free for members of the CLUK member associations.<\/p>\n<p>&#8222;<\/p>","protected":false},"excerpt":{"rendered":"<p>Der CLUK.SALOON CHRISTMAS blickt in guter Tradition zum Jahresende ganz weit voraus und gibt Anregungen f\u00fcr eine neue Perspektive der Kreativwirtschaft, aber auch f\u00fcr die gesamte Gesellschaft. Wir freuen uns auf den Vortrag und die anschlie\u00dfende Diskussion im Netz mit dem Philosophen Anders Indset. Das Cluster der Kreativwirtschaft in Hessen e.V. (CLUK) b\u00fcndelt die Interessen [&hellip;]<\/p>\n","protected":false},"author":4,"featured_media":2569,"comment_status":"closed","ping_status":"open","sticky":false,"template":"","format":"standard","meta":{"_acf_changed":false,"footnotes":""},"categories":[16,15,17],"tags":[],"class_list":["post-2568","post","type-post","status-publish","format-standard","has-post-thumbnail","hentry","category-branche","category-politik","category-selbststaendigkeit"],"acf":[],"_links":{"self":[{"href":"https:\/\/www.isdv.net\/en\/wp-json\/wp\/v2\/posts\/2568","targetHints":{"allow":["GET"]}}],"collection":[{"href":"https:\/\/www.isdv.net\/en\/wp-json\/wp\/v2\/posts"}],"about":[{"href":"https:\/\/www.isdv.net\/en\/wp-json\/wp\/v2\/types\/post"}],"author":[{"embeddable":true,"href":"https:\/\/www.isdv.net\/en\/wp-json\/wp\/v2\/users\/4"}],"replies":[{"embeddable":true,"href":"https:\/\/www.isdv.net\/en\/wp-json\/wp\/v2\/comments?post=2568"}],"version-history":[{"count":0,"href":"https:\/\/www.isdv.net\/en\/wp-json\/wp\/v2\/posts\/2568\/revisions"}],"wp:featuredmedia":[{"embeddable":true,"href":"https:\/\/www.isdv.net\/en\/wp-json\/wp\/v2\/media\/2569"}],"wp:attachment":[{"href":"https:\/\/www.isdv.net\/en\/wp-json\/wp\/v2\/media?parent=2568"}],"wp:term":[{"taxonomy":"category","embeddable":true,"href":"https:\/\/www.isdv.net\/en\/wp-json\/wp\/v2\/categories?post=2568"},{"taxonomy":"post_tag","embeddable":true,"href":"https:\/\/www.isdv.net\/en\/wp-json\/wp\/v2\/tags?post=2568"}],"curies":[{"name":"wp","href":"https:\/\/api.w.org\/{rel}","templated":true}]}}